{"id":142,"date":"2026-07-26T07:00:09","date_gmt":"2026-07-26T07:00:09","guid":{"rendered":"https:\/\/www.newkitchens.com.br\/blog\/?p=142"},"modified":"2026-07-26T10:00:08","modified_gmt":"2026-07-26T10:00:08","slug":"locacao-de-balcao-refrigerado-em-sao-paulo","status":"publish","type":"post","link":"https:\/\/www.newkitchens.com.br\/blog\/equipamentos-de-refrigeracao\/locacao-de-balcao-refrigerado-em-sao-paulo\/","title":{"rendered":"Loca\u00e7\u00e3o de balc\u00e3o refrigerado em S\u00e3o Paulo: conhe\u00e7a a New Kitchens!"},"content":{"rendered":"<span class=\"rt-reading-time\" style=\"display: block;\"><span class=\"rt-label rt-prefix\">Tempo de leitura:<\/span> <span class=\"rt-time\">3<\/span> <span class=\"rt-label rt-postfix\">minutos<\/span><\/span>\n<p class=\"wp-block-paragraph\">A<strong> loca\u00e7\u00e3o de balc\u00e3o refrigerado em S\u00e3o Paulo<\/strong> \u00e9 uma \u00f3tima op\u00e7\u00e3o para aqueles que desejam usufruir de um equipamento utilizado sobretudo em estabelecimentos comerciais, como padarias, supermercados, lanchonetes, restaurantes e lojas de conveni\u00eancia.<\/p>\n\n\n\n<p class=\"wp-block-paragraph\">Isso acontece porque esse material possibilita expor e conservar alimentos que necessitem de refrigera\u00e7\u00e3o.<\/p>\n\n\n\n<p class=\"wp-block-paragraph\">Desta forma, caso voc\u00ea esteja cogitando o aluguel de balc\u00e3o refrigerado em S\u00e3o Paulo, acompanhe esse artigo, onde apresentaremos os diferenciais desta a\u00e7\u00e3o e como garantir condi\u00e7\u00f5es ainda mais especiais!<\/p>\n\n\n\n<h2 class=\"wp-block-heading\">Por que optar pela loca\u00e7\u00e3o de balc\u00e3o refrigerado em S\u00e3o Paulo?<\/h2>\n\n\n\n<p class=\"wp-block-paragraph\">A loca\u00e7\u00e3o de balc\u00e3o refrigerado pode oferecer diversos benef\u00edcios para estabelecimentos comerciais, dependendo das necessidades e circunst\u00e2ncias espec\u00edficas de cada neg\u00f3cio.<\/p>\n\n\n\n<p class=\"wp-block-paragraph\">Dentre eles, est\u00e3o os seguintes:<\/p>\n\n\n\n<ol class=\"wp-block-list\">\n<li>Flexibilidade<\/li>\n<\/ol>\n\n\n\n<p class=\"wp-block-paragraph\">O aluguel de balc\u00e3o refrigerado em S\u00e3o Paulo permite que o estabelecimento se adapte \u00e0s necessidades sazonais ou a eventos espec\u00edficos sem se comprometer com uma compra a longo prazo.<\/p>\n\n\n\n<ol class=\"wp-block-list\" start=\"2\">\n<li>Menor investimento inicial<\/li>\n<\/ol>\n\n\n\n<p class=\"wp-block-paragraph\">A aquisi\u00e7\u00e3o de um balc\u00e3o refrigerado novo pode ser um grande investimento para alguns neg\u00f3cios. Todavia, a fretagem evita esse desembolso inicial, permitindo que o capital seja usado em outras \u00e1reas.<\/p>\n\n\n<div class=\"wp-block-image\">\n<figure class=\"alignright size-full is-resized\"><img loading=\"lazy\" decoding=\"async\" src=\"https:\/\/www.newkitchens.com.br\/blog\/wp-content\/uploads\/2023\/09\/balcao-refrigerado.jpg\" alt=\"\" class=\"wp-image-143\" style=\"width:365px;height:243px\" width=\"365\" height=\"243\" srcset=\"https:\/\/www.newkitchens.com.br\/blog\/wp-content\/uploads\/2023\/09\/balcao-refrigerado.jpg 740w, https:\/\/www.newkitchens.com.br\/blog\/wp-content\/uploads\/2023\/09\/balcao-refrigerado-300x200.jpg 300w\" sizes=\"auto, (max-width: 365px) 100vw, 365px\" \/><\/figure>\n<\/div>\n\n\n<ol class=\"wp-block-list\" start=\"3\">\n<li>Manuten\u00e7\u00e3o inclusa<\/li>\n<\/ol>\n\n\n\n<p class=\"wp-block-paragraph\">Muitas empresas de aluguel, como a <a href=\"https:\/\/www.newkitchens.com.br\/sobre-nos\">New Kitchens<\/a>, oferecem servi\u00e7os de manuten\u00e7\u00e3o inclusos no contrato de loca\u00e7\u00e3o. Isso pode economizar tempo e dinheiro para o estabelecimento, que n\u00e3o precisar\u00e1 se preocupar com eventuais reparos ou manuten\u00e7\u00f5es.<\/p>\n\n\n\n<ol class=\"wp-block-list\" start=\"4\">\n<li>Acesso a modelos atualizados<\/li>\n<\/ol>\n\n\n\n<p class=\"wp-block-paragraph\">A loca\u00e7\u00e3o de balc\u00e3o refrigerado em S\u00e3o Paulo permite que os estabelecimentos tenham acesso aos modelos mais recentes e tecnologicamente avan\u00e7ados, sem a necessidade de comprar um novo equipamento sempre que houver uma mudan\u00e7a no mercado.<\/p>\n\n\n\n<ol class=\"wp-block-list\" start=\"5\">\n<li>Testar antes de comprar<\/li>\n<\/ol>\n\n\n\n<p class=\"wp-block-paragraph\">Para estabelecimentos que est\u00e3o considerando a aquisi\u00e7\u00e3o de um balc\u00e3o refrigerado, o aluguel pode servir como uma fase de teste, desta forma, determinando se a aquisi\u00e7\u00e3o realmente vale a pena.<\/p>\n\n\n\n<ol class=\"wp-block-list\" start=\"6\">\n<li>Redu\u00e7\u00e3o de desperd\u00edcio<\/li>\n<\/ol>\n\n\n\n<p class=\"wp-block-paragraph\">Em situa\u00e7\u00f5es de quebra ou falha do equipamento atual, o aluguel de balc\u00e3o refrigerado em S\u00e3o Paulo pode ser uma solu\u00e7\u00e3o r\u00e1pida para evitar o desperd\u00edcio de produtos perec\u00edveis enquanto o equipamento principal \u00e9 reparado.<\/p>\n\n\n\n<ol class=\"wp-block-list\" start=\"7\">\n<li>Expans\u00e3o tempor\u00e1ria<\/li>\n<\/ol>\n\n\n\n<p class=\"wp-block-paragraph\">Estabelecimentos que est\u00e3o expandindo temporariamente, como em feiras ou eventos, podem se beneficiar a loca\u00e7\u00e3o de balc\u00f5es refrigerados adicionais.<\/p>\n\n\n\n<ol class=\"wp-block-list\" start=\"8\">\n<li>Solu\u00e7\u00e3o para espa\u00e7os limitados<\/li>\n<\/ol>\n\n\n\n<p class=\"wp-block-paragraph\">Para estabelecimentos com espa\u00e7o f\u00edsico limitado, o aluguel pode ser uma solu\u00e7\u00e3o tempor\u00e1ria, permitindo a expans\u00e3o do espa\u00e7o de refrigera\u00e7\u00e3o apenas quando necess\u00e1rio.<\/p>\n\n\n\n<figure class=\"wp-block-image size-full is-resized\"><a href=\"https:\/\/www.newkitchens.com.br\/locacao\"><img loading=\"lazy\" decoding=\"async\" src=\"https:\/\/www.newkitchens.com.br\/blog\/wp-content\/uploads\/2023\/09\/cta-produtos.jpg\" alt=\"\" class=\"wp-image-146\" style=\"width:604px;height:161px\" width=\"604\" height=\"161\" srcset=\"https:\/\/www.newkitchens.com.br\/blog\/wp-content\/uploads\/2023\/09\/cta-produtos.jpg 750w, https:\/\/www.newkitchens.com.br\/blog\/wp-content\/uploads\/2023\/09\/cta-produtos-300x80.jpg 300w\" sizes=\"auto, (max-width: 604px) 100vw, 604px\" \/><\/a><\/figure>\n\n\n\n<h2 class=\"wp-block-heading\">Qual a melhor empresa de loca\u00e7\u00e3o de balc\u00e3o refrigerado em S\u00e3o Paulo?<\/h2>\n\n\n\n<p class=\"wp-block-paragraph\">Para aqueles que desejam realizar a loca\u00e7\u00e3o de balc\u00e3o refrigerado em S\u00e3o Paulo, saiba que a <a href=\"https:\/\/www.newkitchens.com.br\/sobre-nos\">New Kitchens<\/a> pode ser a melhor op\u00e7\u00e3o!<\/p>\n\n\n\n<p class=\"wp-block-paragraph\">Hoje, a corpora\u00e7\u00e3o atua com venda, aluguel e manuten\u00e7\u00e3o preventiva de equipamentos de cozinhas industriais, ofertando assim, servi\u00e7os diversos, que cubram diferentes necessidades e condi\u00e7\u00f5es.<\/p>\n\n\n\n<p class=\"wp-block-paragraph\">Ainda por cima, os profissionais da New Kitchens s\u00e3o altamente treinados para te atender de maneira integral, basta clicar <a href=\"https:\/\/api.whatsapp.com\/send?phone=5511911166270\">aqui<\/a> e solicitar uma consultoria.<\/p>\n\n\n\n<p class=\"wp-block-paragraph\">\u00c9 simples e eficaz, aproveite!<\/p>\n\n\n\n<figure class=\"wp-block-image size-full\"><img loading=\"lazy\" decoding=\"async\" width=\"168\" height=\"81\" src=\"https:\/\/www.newkitchens.com.br\/blog\/wp-content\/uploads\/2023\/08\/image.png\" alt=\"\" class=\"wp-image-122\"\/><\/figure>\n","protected":false},"excerpt":{"rendered":"<p><span class=\"rt-reading-time\" style=\"display: block;\"><span class=\"rt-label rt-prefix\">Tempo de leitura:<\/span> <span class=\"rt-time\">3<\/span> <span class=\"rt-label rt-postfix\">minutos<\/span><\/span> A loca\u00e7\u00e3o de balc\u00e3o refrigerado em S\u00e3o Paulo \u00e9 uma \u00f3tima op\u00e7\u00e3o para aqueles que desejam usufruir de um equipamento utilizado sobretudo em estabelecimentos comerciais, como padarias, supermercados, lanchonetes, restaurantes e lojas de conveni\u00eancia. Isso acontece porque esse material possibilita&#8230;<\/p>\n","protected":false},"author":1,"featured_media":61,"comment_status":"open","ping_status":"open","sticky":false,"template":"","format":"standard","meta":{"footnotes":""},"categories":[539,2373,4],"tags":[2370,2334,2332,2310,2317,2356,2346,2287,2352,2364,2315,2360,2324,2367,2333,2330,2309,2305,2355,2344,2304,2347,2362,2318,2359,2321,2297,2293,2294,2296,2288,2295,2291,2292,2300,2290,2278,2284,2283,2282,2281,2285,2276,2277,2289,2286,2369,2335,2328,2312,2311,2372,2337,2329,2320,2316,2354,2348,2306,2351,2366,2323,2363,2326,2353,2345,2307,2349,2365,2319,2358,2325,2299,2302,2298,2303,2301,2371,2336,2331,2314,2322,2357,2343,2308,2350,2368,2313,2361,2327,2274,2273,2275,2279,2280,2339,2338,2340,2342,2341],"class_list":["post-142","post","type-post","status-publish","format-standard","has-post-thumbnail","hentry","category-equipamentos-de-refrigeracao","category-locacao-de-balcao-refrigerado","category-locacao-de-equipamentos-para-cozinha","tag-aluguel-de-balcao-refrigerado-bosque-da-saude","tag-aluguel-de-balcao-refrigerado-direto-da-fabrica","tag-aluguel-de-balcao-refrigerado-em-promocao","tag-aluguel-de-balcao-refrigerado-em-sao-paulo","tag-aluguel-de-balcao-refrigerado-em-sp","tag-aluguel-de-balcao-refrigerado-ipiranga","tag-aluguel-de-balcao-refrigerado-perto-de-mim","tag-aluguel-de-balcao-refrigerado-preco","tag-aluguel-de-balcao-refrigerado-proximo-a-mim","tag-aluguel-de-balcao-refrigerado-sacoma","tag-aluguel-de-balcao-refrigerado-sao-paulo","tag-aluguel-de-balcao-refrigerado-vila-mariana","tag-aluguel-de-balcao-refrigerado-zona-sul","tag-balcao-refrigerado-bosque-da-saude","tag-balcao-refrigerado-direto-da-fabrica","tag-balcao-refrigerado-em-promocao","tag-balcao-refrigerado-em-sao-paulo","tag-balcao-refrigerado-em-sp","tag-balcao-refrigerado-ipiranga","tag-balcao-refrigerado-perto-de-mim","tag-balcao-refrigerado-preco","tag-balcao-refrigerado-proximo-a-mim","tag-balcao-refrigerado-sacoma","tag-balcao-refrigerado-sao-paulo","tag-balcao-refrigerado-vila-mariana","tag-balcao-refrigerado-zona-sul","tag-distribuidor-de-aluguel-de-balcao-refrigerado","tag-distribuidor-de-balcao-refrigerado","tag-distribuidor-de-locacao-de-balcao-refrigerado","tag-distribuidor-de-locacao-de-balcao-refrigerado-industrial","tag-distribuidor-de-obtencao-de-balcao-refrigerado","tag-distribuidora-de-aluguel-de-balcao-refrigerado","tag-distribuidora-de-balcao-refrigerado","tag-distribuidora-de-locacao-de-balcao-refrigerado","tag-distribuidora-de-locacao-de-balcao-refrigerado-industrial","tag-distribuidora-de-obtencao-de-balcao-refrigerado","tag-empresa-de-aluguel-de-balcao-refrigerado","tag-empresa-de-balcao-refrigerado","tag-empresa-de-locacao-de-balcao-refrigerado","tag-empresa-de-locacao-de-balcao-refrigerado-industrial","tag-empresa-de-obtencao-de-balcao-refrigerado","tag-fornecedor-de-aluguel-de-balcao-refrigerado","tag-fornecedor-de-balcao-refrigerado","tag-fornecedor-de-locacao-de-balcao-refrigerado","tag-fornecedor-de-locacao-de-balcao-refrigerado-industrial","tag-fornecedor-de-obtencao-de-balcao-refrigerado","tag-locacao-de-balcao-refrigerado-bosque-da-saude","tag-locacao-de-balcao-refrigerado-direto-da-fabrica","tag-locacao-de-balcao-refrigerado-em-promocao","tag-locacao-de-balcao-refrigerado-em-sao-paulo","tag-locacao-de-balcao-refrigerado-em-sp","tag-locacao-de-balcao-refrigerado-industrial-bosque-da-saude","tag-locacao-de-balcao-refrigerado-industrial-direto-da-fabrica","tag-locacao-de-balcao-refrigerado-industrial-em-promocao","tag-locacao-de-balcao-refrigerado-industrial-em-sao-paulo","tag-locacao-de-balcao-refrigerado-industrial-em-sp","tag-locacao-de-balcao-refrigerado-industrial-ipiranga","tag-locacao-de-balcao-refrigerado-industrial-perto-de-mim","tag-locacao-de-balcao-refrigerado-industrial-preco","tag-locacao-de-balcao-refrigerado-industrial-proximo-a-mim","tag-locacao-de-balcao-refrigerado-industrial-sacoma","tag-locacao-de-balcao-refrigerado-industrial-sao-paulo","tag-locacao-de-balcao-refrigerado-industrial-vila-mariana","tag-locacao-de-balcao-refrigerado-industrial-zona-sul","tag-locacao-de-balcao-refrigerado-ipiranga","tag-locacao-de-balcao-refrigerado-perto-de-mim","tag-locacao-de-balcao-refrigerado-preco","tag-locacao-de-balcao-refrigerado-proximo-a-mim","tag-locacao-de-balcao-refrigerado-sacoma","tag-locacao-de-balcao-refrigerado-sao-paulo","tag-locacao-de-balcao-refrigerado-vila-mariana","tag-locacao-de-balcao-refrigerado-zona-sul","tag-loja-de-aluguel-de-balcao-refrigerado","tag-loja-de-balcao-refrigerado","tag-loja-de-locacao-de-balcao-refrigerado","tag-loja-de-locacao-de-balcao-refrigerado-industrial","tag-loja-de-obtencao-de-balcao-refrigerado","tag-obtencao-de-balcao-refrigerado-bosque-da-saude","tag-obtencao-de-balcao-refrigerado-direto-da-fabrica","tag-obtencao-de-balcao-refrigerado-em-promocao","tag-obtencao-de-balcao-refrigerado-em-sao-paulo","tag-obtencao-de-balcao-refrigerado-em-sp","tag-obtencao-de-balcao-refrigerado-ipiranga","tag-obtencao-de-balcao-refrigerado-perto-de-mim","tag-obtencao-de-balcao-refrigerado-preco","tag-obtencao-de-balcao-refrigerado-proximo-a-mim","tag-obtencao-de-balcao-refrigerado-sacoma","tag-obtencao-de-balcao-refrigerado-sao-paulo","tag-obtencao-de-balcao-refrigerado-vila-mariana","tag-obtencao-de-balcao-refrigerado-zona-sul","tag-onde-encontrar-aluguel-de-balcao-refrigerado","tag-onde-encontrar-balcao-refrigerado","tag-onde-encontrar-locacao-de-balcao-refrigerado","tag-onde-encontrar-locacao-de-balcao-refrigerado-industrial","tag-onde-encontrar-obtencao-de-balcao-refrigerado","tag-servico-de-aluguel-de-balcao-refrigerado","tag-servico-de-balcao-refrigerado","tag-servico-de-locacao-de-balcao-refrigerado","tag-servico-de-locacao-de-balcao-refrigerado-industrial","tag-servico-de-obtencao-de-balcao-refrigerado"],"yoast_head":"<!-- This site is optimized with the Yoast SEO plugin v20.1 - https:\/\/yoast.com\/wordpress\/plugins\/seo\/ -->\n<title>Loca\u00e7\u00e3o de balc\u00e3o refrigerado em S\u00e3o Paulo: conhe\u00e7a a New Kitchens! - New Kitchens<\/title>\n<meta name=\"description\" content=\"Loca\u00e7\u00e3o de balc\u00e3o refrigerado em S\u00e3o Paulo: descubra quais as vantagens desse material e descubra como escolher uma boa empresa.\" \/>\n<meta name=\"robots\" content=\"index, follow, max-snippet:-1, max-image-preview:large, max-video-preview:-1\" \/>\n<link rel=\"canonical\" href=\"https:\/\/www.newkitchens.com.br\/blog\/equipamentos-de-refrigeracao\/locacao-de-balcao-refrigerado-em-sao-paulo\/\" \/>\n<meta property=\"og:locale\" content=\"pt_BR\" \/>\n<meta property=\"og:type\" content=\"article\" \/>\n<meta property=\"og:title\" content=\"Loca\u00e7\u00e3o de balc\u00e3o refrigerado em S\u00e3o Paulo: conhe\u00e7a a New Kitchens! - New Kitchens\" \/>\n<meta property=\"og:description\" content=\"Loca\u00e7\u00e3o de balc\u00e3o refrigerado em S\u00e3o Paulo: descubra quais as vantagens desse material e descubra como escolher uma boa empresa.\" \/>\n<meta property=\"og:url\" content=\"https:\/\/www.newkitchens.com.br\/blog\/equipamentos-de-refrigeracao\/locacao-de-balcao-refrigerado-em-sao-paulo\/\" \/>\n<meta property=\"og:site_name\" content=\"New Kitchens\" \/>\n<meta property=\"article:published_time\" content=\"2026-07-26T07:00:09+00:00\" \/>\n<meta property=\"article:modified_time\" content=\"2026-07-26T10:00:08+00:00\" \/>\n<meta property=\"og:image\" content=\"https:\/\/www.newkitchens.com.br\/blog\/wp-content\/uploads\/2023\/05\/balcao-refrigerador.jpg\" \/>\n\t<meta property=\"og:image:width\" content=\"300\" \/>\n\t<meta property=\"og:image:height\" content=\"215\" \/>\n\t<meta property=\"og:image:type\" content=\"image\/jpeg\" \/>\n<meta name=\"author\" content=\"admin\" \/>\n<meta name=\"twitter:card\" content=\"summary_large_image\" \/>\n<meta name=\"twitter:label1\" content=\"Escrito por\" \/>\n\t<meta name=\"twitter:data1\" content=\"admin\" \/>\n\t<meta name=\"twitter:label2\" content=\"Est. tempo de leitura\" \/>\n\t<meta name=\"twitter:data2\" content=\"4 minutos\" \/>\n<script type=\"application\/ld+json\" class=\"yoast-schema-graph\">{\"@context\":\"https:\/\/schema.org\",\"@graph\":[{\"@type\":\"Article\",\"@id\":\"https:\/\/www.newkitchens.com.br\/blog\/equipamentos-de-refrigeracao\/locacao-de-balcao-refrigerado-em-sao-paulo\/#article\",\"isPartOf\":{\"@id\":\"https:\/\/www.newkitchens.com.br\/blog\/equipamentos-de-refrigeracao\/locacao-de-balcao-refrigerado-em-sao-paulo\/\"},\"author\":{\"name\":\"admin\",\"@id\":\"https:\/\/www.newkitchens.com.br\/blog\/#\/schema\/person\/c07dd4a25e9dc1fd6c6feada18a91133\"},\"headline\":\"Loca\u00e7\u00e3o de balc\u00e3o refrigerado em S\u00e3o Paulo: conhe\u00e7a a New Kitchens!\",\"datePublished\":\"2026-07-26T07:00:09+00:00\",\"dateModified\":\"2026-07-26T10:00:08+00:00\",\"mainEntityOfPage\":{\"@id\":\"https:\/\/www.newkitchens.com.br\/blog\/equipamentos-de-refrigeracao\/locacao-de-balcao-refrigerado-em-sao-paulo\/\"},\"wordCount\":556,\"commentCount\":1,\"publisher\":{\"@id\":\"https:\/\/www.newkitchens.com.br\/blog\/#organization\"},\"keywords\":[\"Aluguel de balc\u00e3o refrigerado Bosque da Sa\u00fade\",\"Aluguel de balc\u00e3o refrigerado direto da fabrica\",\"Aluguel de balc\u00e3o refrigerado em promo\u00e7\u00e3o\",\"Aluguel de balc\u00e3o refrigerado em s\u00e3o paulo\",\"Aluguel de balc\u00e3o refrigerado em sp\",\"Aluguel de balc\u00e3o refrigerado Ipiranga\",\"Aluguel de balc\u00e3o refrigerado perto de mim\",\"Aluguel de balc\u00e3o refrigerado pre\u00e7o\",\"Aluguel de balc\u00e3o refrigerado pr\u00f3ximo a mim\",\"Aluguel de balc\u00e3o refrigerado Sacom\u00e3\",\"Aluguel de balc\u00e3o refrigerado S\u00e3o Paulo\",\"Aluguel de balc\u00e3o refrigerado Vila Mariana\",\"Aluguel de balc\u00e3o refrigerado Zona Sul\",\"Balc\u00e3o refrigerado Bosque da Sa\u00fade\",\"Balc\u00e3o refrigerado direto da fabrica\",\"Balc\u00e3o refrigerado em promo\u00e7\u00e3o\",\"Balc\u00e3o refrigerado em s\u00e3o paulo\",\"Balc\u00e3o refrigerado em sp\",\"Balc\u00e3o refrigerado Ipiranga\",\"Balc\u00e3o refrigerado perto de mim\",\"Balc\u00e3o refrigerado pre\u00e7o\",\"Balc\u00e3o refrigerado pr\u00f3ximo a mim\",\"Balc\u00e3o refrigerado Sacom\u00e3\",\"Balc\u00e3o refrigerado S\u00e3o Paulo\",\"Balc\u00e3o refrigerado Vila Mariana\",\"Balc\u00e3o refrigerado Zona Sul\",\"distribuidor de Aluguel de balc\u00e3o refrigerado\",\"distribuidor de Balc\u00e3o refrigerado\",\"distribuidor de Loca\u00e7\u00e3o de balc\u00e3o refrigerado\",\"distribuidor de Loca\u00e7\u00e3o de balc\u00e3o refrigerado industrial\",\"distribuidor de Obten\u00e7\u00e3o de balc\u00e3o refrigerado\",\"distribuidora de Aluguel de balc\u00e3o refrigerado\",\"distribuidora de Balc\u00e3o refrigerado\",\"distribuidora de Loca\u00e7\u00e3o de balc\u00e3o refrigerado\",\"distribuidora de Loca\u00e7\u00e3o de balc\u00e3o refrigerado industrial\",\"distribuidora de Obten\u00e7\u00e3o de balc\u00e3o refrigerado\",\"empresa de Aluguel de balc\u00e3o refrigerado\",\"empresa de Balc\u00e3o refrigerado\",\"empresa de Loca\u00e7\u00e3o de balc\u00e3o refrigerado\",\"empresa de Loca\u00e7\u00e3o de balc\u00e3o refrigerado industrial\",\"empresa de Obten\u00e7\u00e3o de balc\u00e3o refrigerado\",\"fornecedor de Aluguel de balc\u00e3o refrigerado\",\"fornecedor de Balc\u00e3o refrigerado\",\"fornecedor de Loca\u00e7\u00e3o de balc\u00e3o refrigerado\",\"fornecedor de Loca\u00e7\u00e3o de balc\u00e3o refrigerado industrial\",\"fornecedor de Obten\u00e7\u00e3o de balc\u00e3o refrigerado\",\"Loca\u00e7\u00e3o de balc\u00e3o refrigerado Bosque da Sa\u00fade\",\"Loca\u00e7\u00e3o de balc\u00e3o refrigerado direto da fabrica\",\"Loca\u00e7\u00e3o de balc\u00e3o refrigerado em promo\u00e7\u00e3o\",\"Loca\u00e7\u00e3o de balc\u00e3o refrigerado em s\u00e3o paulo\",\"Loca\u00e7\u00e3o de balc\u00e3o refrigerado em sp\",\"Loca\u00e7\u00e3o de balc\u00e3o refrigerado industrial Bosque da Sa\u00fade\",\"Loca\u00e7\u00e3o de balc\u00e3o refrigerado industrial direto da fabrica\",\"Loca\u00e7\u00e3o de balc\u00e3o refrigerado industrial em promo\u00e7\u00e3o\",\"Loca\u00e7\u00e3o de balc\u00e3o refrigerado industrial em s\u00e3o paulo\",\"Loca\u00e7\u00e3o de balc\u00e3o refrigerado industrial em sp\",\"Loca\u00e7\u00e3o de balc\u00e3o refrigerado industrial Ipiranga\",\"Loca\u00e7\u00e3o de balc\u00e3o refrigerado industrial perto de mim\",\"Loca\u00e7\u00e3o de balc\u00e3o refrigerado industrial pre\u00e7o\",\"Loca\u00e7\u00e3o de balc\u00e3o refrigerado industrial pr\u00f3ximo a mim\",\"Loca\u00e7\u00e3o de balc\u00e3o refrigerado industrial Sacom\u00e3\",\"Loca\u00e7\u00e3o de balc\u00e3o refrigerado industrial S\u00e3o Paulo\",\"Loca\u00e7\u00e3o de balc\u00e3o refrigerado industrial Vila Mariana\",\"Loca\u00e7\u00e3o de balc\u00e3o refrigerado industrial Zona Sul\",\"Loca\u00e7\u00e3o de balc\u00e3o refrigerado Ipiranga\",\"Loca\u00e7\u00e3o de balc\u00e3o refrigerado perto de mim\",\"Loca\u00e7\u00e3o de balc\u00e3o refrigerado pre\u00e7o\",\"Loca\u00e7\u00e3o de balc\u00e3o refrigerado pr\u00f3ximo a mim\",\"Loca\u00e7\u00e3o de balc\u00e3o refrigerado Sacom\u00e3\",\"Loca\u00e7\u00e3o de balc\u00e3o refrigerado S\u00e3o Paulo\",\"Loca\u00e7\u00e3o de balc\u00e3o refrigerado Vila Mariana\",\"Loca\u00e7\u00e3o de balc\u00e3o refrigerado Zona Sul\",\"loja de Aluguel de balc\u00e3o refrigerado\",\"loja de Balc\u00e3o refrigerado\",\"loja de Loca\u00e7\u00e3o de balc\u00e3o refrigerado\",\"loja de Loca\u00e7\u00e3o de balc\u00e3o refrigerado industrial\",\"loja de Obten\u00e7\u00e3o de balc\u00e3o refrigerado\",\"Obten\u00e7\u00e3o de balc\u00e3o refrigerado Bosque da Sa\u00fade\",\"Obten\u00e7\u00e3o de balc\u00e3o refrigerado direto da fabrica\",\"Obten\u00e7\u00e3o de balc\u00e3o refrigerado em promo\u00e7\u00e3o\",\"Obten\u00e7\u00e3o de balc\u00e3o refrigerado em s\u00e3o paulo\",\"Obten\u00e7\u00e3o de balc\u00e3o refrigerado em sp\",\"Obten\u00e7\u00e3o de balc\u00e3o refrigerado Ipiranga\",\"Obten\u00e7\u00e3o de balc\u00e3o refrigerado perto de mim\",\"Obten\u00e7\u00e3o de balc\u00e3o refrigerado pre\u00e7o\",\"Obten\u00e7\u00e3o de balc\u00e3o refrigerado pr\u00f3ximo a mim\",\"Obten\u00e7\u00e3o de balc\u00e3o refrigerado Sacom\u00e3\",\"Obten\u00e7\u00e3o de balc\u00e3o refrigerado S\u00e3o Paulo\",\"Obten\u00e7\u00e3o de balc\u00e3o refrigerado Vila Mariana\",\"Obten\u00e7\u00e3o de balc\u00e3o refrigerado Zona Sul\",\"onde encontrar Aluguel de balc\u00e3o refrigerado\",\"onde encontrar Balc\u00e3o refrigerado\",\"onde encontrar Loca\u00e7\u00e3o de balc\u00e3o refrigerado\",\"onde encontrar Loca\u00e7\u00e3o de balc\u00e3o refrigerado industrial\",\"onde encontrar Obten\u00e7\u00e3o de balc\u00e3o refrigerado\",\"servi\u00e7o de Aluguel de balc\u00e3o refrigerado\",\"servi\u00e7o de Balc\u00e3o refrigerado\",\"servi\u00e7o de Loca\u00e7\u00e3o de balc\u00e3o refrigerado\",\"servi\u00e7o de Loca\u00e7\u00e3o de balc\u00e3o refrigerado industrial\",\"servi\u00e7o de Obten\u00e7\u00e3o de balc\u00e3o refrigerado\"],\"articleSection\":[\"Equipamentos de refrigera\u00e7\u00e3o\",\"Loca\u00e7\u00e3o de balc\u00e3o refrigerado\",\"Loca\u00e7\u00e3o de equipamentos para cozinha\"],\"inLanguage\":\"pt-BR\",\"potentialAction\":[{\"@type\":\"CommentAction\",\"name\":\"Comment\",\"target\":[\"https:\/\/www.newkitchens.com.br\/blog\/equipamentos-de-refrigeracao\/locacao-de-balcao-refrigerado-em-sao-paulo\/#respond\"]}]},{\"@type\":\"WebPage\",\"@id\":\"https:\/\/www.newkitchens.com.br\/blog\/equipamentos-de-refrigeracao\/locacao-de-balcao-refrigerado-em-sao-paulo\/\",\"url\":\"https:\/\/www.newkitchens.com.br\/blog\/equipamentos-de-refrigeracao\/locacao-de-balcao-refrigerado-em-sao-paulo\/\",\"name\":\"Loca\u00e7\u00e3o de balc\u00e3o refrigerado em S\u00e3o Paulo: conhe\u00e7a a New Kitchens! - New Kitchens\",\"isPartOf\":{\"@id\":\"https:\/\/www.newkitchens.com.br\/blog\/#website\"},\"datePublished\":\"2026-07-26T07:00:09+00:00\",\"dateModified\":\"2026-07-26T10:00:08+00:00\",\"description\":\"Loca\u00e7\u00e3o de balc\u00e3o refrigerado em S\u00e3o Paulo: descubra quais as vantagens desse material e descubra como escolher uma boa empresa.\",\"breadcrumb\":{\"@id\":\"https:\/\/www.newkitchens.com.br\/blog\/equipamentos-de-refrigeracao\/locacao-de-balcao-refrigerado-em-sao-paulo\/#breadcrumb\"},\"inLanguage\":\"pt-BR\",\"potentialAction\":[{\"@type\":\"ReadAction\",\"target\":[\"https:\/\/www.newkitchens.com.br\/blog\/equipamentos-de-refrigeracao\/locacao-de-balcao-refrigerado-em-sao-paulo\/\"]}]},{\"@type\":\"BreadcrumbList\",\"@id\":\"https:\/\/www.newkitchens.com.br\/blog\/equipamentos-de-refrigeracao\/locacao-de-balcao-refrigerado-em-sao-paulo\/#breadcrumb\",\"itemListElement\":[{\"@type\":\"ListItem\",\"position\":1,\"name\":\"In\u00edcio\",\"item\":\"https:\/\/www.newkitchens.com.br\/blog\/\"},{\"@type\":\"ListItem\",\"position\":2,\"name\":\"Loca\u00e7\u00e3o de balc\u00e3o refrigerado em S\u00e3o Paulo: conhe\u00e7a a New Kitchens!\"}]},{\"@type\":\"WebSite\",\"@id\":\"https:\/\/www.newkitchens.com.br\/blog\/#website\",\"url\":\"https:\/\/www.newkitchens.com.br\/blog\/\",\"name\":\"New Kitchens\",\"description\":\"Blog New Kitchens\",\"publisher\":{\"@id\":\"https:\/\/www.newkitchens.com.br\/blog\/#organization\"},\"potentialAction\":[{\"@type\":\"SearchAction\",\"target\":{\"@type\":\"EntryPoint\",\"urlTemplate\":\"https:\/\/www.newkitchens.com.br\/blog\/?s={search_term_string}\"},\"query-input\":\"required name=search_term_string\"}],\"inLanguage\":\"pt-BR\"},{\"@type\":\"Organization\",\"@id\":\"https:\/\/www.newkitchens.com.br\/blog\/#organization\",\"name\":\"New Kitchens\",\"url\":\"https:\/\/www.newkitchens.com.br\/blog\/\",\"logo\":{\"@type\":\"ImageObject\",\"inLanguage\":\"pt-BR\",\"@id\":\"https:\/\/www.newkitchens.com.br\/blog\/#\/schema\/logo\/image\/\",\"url\":\"https:\/\/www.newkitchens.com.br\/blog\/wp-content\/uploads\/2023\/01\/logo3-removebg-preview.png\",\"contentUrl\":\"https:\/\/www.newkitchens.com.br\/blog\/wp-content\/uploads\/2023\/01\/logo3-removebg-preview.png\",\"width\":261,\"height\":71,\"caption\":\"New Kitchens\"},\"image\":{\"@id\":\"https:\/\/www.newkitchens.com.br\/blog\/#\/schema\/logo\/image\/\"}},{\"@type\":\"Person\",\"@id\":\"https:\/\/www.newkitchens.com.br\/blog\/#\/schema\/person\/c07dd4a25e9dc1fd6c6feada18a91133\",\"name\":\"admin\",\"image\":{\"@type\":\"ImageObject\",\"inLanguage\":\"pt-BR\",\"@id\":\"https:\/\/www.newkitchens.com.br\/blog\/#\/schema\/person\/image\/\",\"url\":\"https:\/\/secure.gravatar.com\/avatar\/3813f53848958b8842eeafda91666185a90010f65ed554379b78794cde6f234a?s=96&d=mm&r=g\",\"contentUrl\":\"https:\/\/secure.gravatar.com\/avatar\/3813f53848958b8842eeafda91666185a90010f65ed554379b78794cde6f234a?s=96&d=mm&r=g\",\"caption\":\"admin\"},\"sameAs\":[\"https:\/\/www.newkitchens.com.br\/blog\"],\"url\":\"https:\/\/www.newkitchens.com.br\/blog\/author\/admin\/\"}]}<\/script>\n<!-- \/ Yoast SEO plugin. -->","yoast_head_json":{"title":"Loca\u00e7\u00e3o de balc\u00e3o refrigerado em S\u00e3o Paulo: conhe\u00e7a a New Kitchens! - New Kitchens","description":"Loca\u00e7\u00e3o de balc\u00e3o refrigerado em S\u00e3o Paulo: descubra quais as vantagens desse material e descubra como escolher uma boa empresa.","robots":{"index":"index","follow":"follow","max-snippet":"max-snippet:-1","max-image-preview":"max-image-preview:large","max-video-preview":"max-video-preview:-1"},"canonical":"https:\/\/www.newkitchens.com.br\/blog\/equipamentos-de-refrigeracao\/locacao-de-balcao-refrigerado-em-sao-paulo\/","og_locale":"pt_BR","og_type":"article","og_title":"Loca\u00e7\u00e3o de balc\u00e3o refrigerado em S\u00e3o Paulo: conhe\u00e7a a New Kitchens! - New Kitchens","og_description":"Loca\u00e7\u00e3o de balc\u00e3o refrigerado em S\u00e3o Paulo: descubra quais as vantagens desse material e descubra como escolher uma boa empresa.","og_url":"https:\/\/www.newkitchens.com.br\/blog\/equipamentos-de-refrigeracao\/locacao-de-balcao-refrigerado-em-sao-paulo\/","og_site_name":"New Kitchens","article_published_time":"2026-07-26T07:00:09+00:00","article_modified_time":"2026-07-26T10:00:08+00:00","og_image":[{"width":300,"height":215,"url":"https:\/\/www.newkitchens.com.br\/blog\/wp-content\/uploads\/2023\/05\/balcao-refrigerador.jpg","type":"image\/jpeg"}],"author":"admin","twitter_card":"summary_large_image","twitter_misc":{"Escrito por":"admin","Est. tempo de leitura":"4 minutos"},"schema":{"@context":"https:\/\/schema.org","@graph":[{"@type":"Article","@id":"https:\/\/www.newkitchens.com.br\/blog\/equipamentos-de-refrigeracao\/locacao-de-balcao-refrigerado-em-sao-paulo\/#article","isPartOf":{"@id":"https:\/\/www.newkitchens.com.br\/blog\/equipamentos-de-refrigeracao\/locacao-de-balcao-refrigerado-em-sao-paulo\/"},"author":{"name":"admin","@id":"https:\/\/www.newkitchens.com.br\/blog\/#\/schema\/person\/c07dd4a25e9dc1fd6c6feada18a91133"},"headline":"Loca\u00e7\u00e3o de balc\u00e3o refrigerado em S\u00e3o Paulo: conhe\u00e7a a New Kitchens!","datePublished":"2026-07-26T07:00:09+00:00","dateModified":"2026-07-26T10:00:08+00:00","mainEntityOfPage":{"@id":"https:\/\/www.newkitchens.com.br\/blog\/equipamentos-de-refrigeracao\/locacao-de-balcao-refrigerado-em-sao-paulo\/"},"wordCount":556,"commentCount":1,"publisher":{"@id":"https:\/\/www.newkitchens.com.br\/blog\/#organization"},"keywords":["Aluguel de balc\u00e3o refrigerado Bosque da Sa\u00fade","Aluguel de balc\u00e3o refrigerado direto da fabrica","Aluguel de balc\u00e3o refrigerado em promo\u00e7\u00e3o","Aluguel de balc\u00e3o refrigerado em s\u00e3o paulo","Aluguel de balc\u00e3o refrigerado em sp","Aluguel de balc\u00e3o refrigerado Ipiranga","Aluguel de balc\u00e3o refrigerado perto de mim","Aluguel de balc\u00e3o refrigerado pre\u00e7o","Aluguel de balc\u00e3o refrigerado pr\u00f3ximo a mim","Aluguel de balc\u00e3o refrigerado Sacom\u00e3","Aluguel de balc\u00e3o refrigerado S\u00e3o Paulo","Aluguel de balc\u00e3o refrigerado Vila Mariana","Aluguel de balc\u00e3o refrigerado Zona Sul","Balc\u00e3o refrigerado Bosque da Sa\u00fade","Balc\u00e3o refrigerado direto da fabrica","Balc\u00e3o refrigerado em promo\u00e7\u00e3o","Balc\u00e3o refrigerado em s\u00e3o paulo","Balc\u00e3o refrigerado em sp","Balc\u00e3o refrigerado Ipiranga","Balc\u00e3o refrigerado perto de mim","Balc\u00e3o refrigerado pre\u00e7o","Balc\u00e3o refrigerado pr\u00f3ximo a mim","Balc\u00e3o refrigerado Sacom\u00e3","Balc\u00e3o refrigerado S\u00e3o Paulo","Balc\u00e3o refrigerado Vila Mariana","Balc\u00e3o refrigerado Zona Sul","distribuidor de Aluguel de balc\u00e3o refrigerado","distribuidor de Balc\u00e3o refrigerado","distribuidor de Loca\u00e7\u00e3o de balc\u00e3o refrigerado","distribuidor de Loca\u00e7\u00e3o de balc\u00e3o refrigerado industrial","distribuidor de Obten\u00e7\u00e3o de balc\u00e3o refrigerado","distribuidora de Aluguel de balc\u00e3o refrigerado","distribuidora de Balc\u00e3o refrigerado","distribuidora de Loca\u00e7\u00e3o de balc\u00e3o refrigerado","distribuidora de Loca\u00e7\u00e3o de balc\u00e3o refrigerado industrial","distribuidora de Obten\u00e7\u00e3o de balc\u00e3o refrigerado","empresa de Aluguel de balc\u00e3o refrigerado","empresa de Balc\u00e3o refrigerado","empresa de Loca\u00e7\u00e3o de balc\u00e3o refrigerado","empresa de Loca\u00e7\u00e3o de balc\u00e3o refrigerado industrial","empresa de Obten\u00e7\u00e3o de balc\u00e3o refrigerado","fornecedor de Aluguel de balc\u00e3o refrigerado","fornecedor de Balc\u00e3o refrigerado","fornecedor de Loca\u00e7\u00e3o de balc\u00e3o refrigerado","fornecedor de Loca\u00e7\u00e3o de balc\u00e3o refrigerado industrial","fornecedor de Obten\u00e7\u00e3o de balc\u00e3o refrigerado","Loca\u00e7\u00e3o de balc\u00e3o refrigerado Bosque da Sa\u00fade","Loca\u00e7\u00e3o de balc\u00e3o refrigerado direto da fabrica","Loca\u00e7\u00e3o de balc\u00e3o refrigerado em promo\u00e7\u00e3o","Loca\u00e7\u00e3o de balc\u00e3o refrigerado em s\u00e3o paulo","Loca\u00e7\u00e3o de balc\u00e3o refrigerado em sp","Loca\u00e7\u00e3o de balc\u00e3o refrigerado industrial Bosque da Sa\u00fade","Loca\u00e7\u00e3o de balc\u00e3o refrigerado industrial direto da fabrica","Loca\u00e7\u00e3o de balc\u00e3o refrigerado industrial em promo\u00e7\u00e3o","Loca\u00e7\u00e3o de balc\u00e3o refrigerado industrial em s\u00e3o paulo","Loca\u00e7\u00e3o de balc\u00e3o refrigerado industrial em sp","Loca\u00e7\u00e3o de balc\u00e3o refrigerado industrial Ipiranga","Loca\u00e7\u00e3o de balc\u00e3o refrigerado industrial perto de mim","Loca\u00e7\u00e3o de balc\u00e3o refrigerado industrial pre\u00e7o","Loca\u00e7\u00e3o de balc\u00e3o refrigerado industrial pr\u00f3ximo a mim","Loca\u00e7\u00e3o de balc\u00e3o refrigerado industrial Sacom\u00e3","Loca\u00e7\u00e3o de balc\u00e3o refrigerado industrial S\u00e3o Paulo","Loca\u00e7\u00e3o de balc\u00e3o refrigerado industrial Vila Mariana","Loca\u00e7\u00e3o de balc\u00e3o refrigerado industrial Zona Sul","Loca\u00e7\u00e3o de balc\u00e3o refrigerado Ipiranga","Loca\u00e7\u00e3o de balc\u00e3o refrigerado perto de mim","Loca\u00e7\u00e3o de balc\u00e3o refrigerado pre\u00e7o","Loca\u00e7\u00e3o de balc\u00e3o refrigerado pr\u00f3ximo a mim","Loca\u00e7\u00e3o de balc\u00e3o refrigerado Sacom\u00e3","Loca\u00e7\u00e3o de balc\u00e3o refrigerado S\u00e3o Paulo","Loca\u00e7\u00e3o de balc\u00e3o refrigerado Vila Mariana","Loca\u00e7\u00e3o de balc\u00e3o refrigerado Zona Sul","loja de Aluguel de balc\u00e3o refrigerado","loja de Balc\u00e3o refrigerado","loja de Loca\u00e7\u00e3o de balc\u00e3o refrigerado","loja de Loca\u00e7\u00e3o de balc\u00e3o refrigerado industrial","loja de Obten\u00e7\u00e3o de balc\u00e3o refrigerado","Obten\u00e7\u00e3o de balc\u00e3o refrigerado Bosque da Sa\u00fade","Obten\u00e7\u00e3o de balc\u00e3o refrigerado direto da fabrica","Obten\u00e7\u00e3o de balc\u00e3o refrigerado em promo\u00e7\u00e3o","Obten\u00e7\u00e3o de balc\u00e3o refrigerado em s\u00e3o paulo","Obten\u00e7\u00e3o de balc\u00e3o refrigerado em sp","Obten\u00e7\u00e3o de balc\u00e3o refrigerado Ipiranga","Obten\u00e7\u00e3o de balc\u00e3o refrigerado perto de mim","Obten\u00e7\u00e3o de balc\u00e3o refrigerado pre\u00e7o","Obten\u00e7\u00e3o de balc\u00e3o refrigerado pr\u00f3ximo a mim","Obten\u00e7\u00e3o de balc\u00e3o refrigerado Sacom\u00e3","Obten\u00e7\u00e3o de balc\u00e3o refrigerado S\u00e3o Paulo","Obten\u00e7\u00e3o de balc\u00e3o refrigerado Vila Mariana","Obten\u00e7\u00e3o de balc\u00e3o refrigerado Zona Sul","onde encontrar Aluguel de balc\u00e3o refrigerado","onde encontrar Balc\u00e3o refrigerado","onde encontrar Loca\u00e7\u00e3o de balc\u00e3o refrigerado","onde encontrar Loca\u00e7\u00e3o de balc\u00e3o refrigerado industrial","onde encontrar Obten\u00e7\u00e3o de balc\u00e3o refrigerado","servi\u00e7o de Aluguel de balc\u00e3o refrigerado","servi\u00e7o de Balc\u00e3o refrigerado","servi\u00e7o de Loca\u00e7\u00e3o de balc\u00e3o refrigerado","servi\u00e7o de Loca\u00e7\u00e3o de balc\u00e3o refrigerado industrial","servi\u00e7o de Obten\u00e7\u00e3o de balc\u00e3o refrigerado"],"articleSection":["Equipamentos de refrigera\u00e7\u00e3o","Loca\u00e7\u00e3o de balc\u00e3o refrigerado","Loca\u00e7\u00e3o de equipamentos para cozinha"],"inLanguage":"pt-BR","potentialAction":[{"@type":"CommentAction","name":"Comment","target":["https:\/\/www.newkitchens.com.br\/blog\/equipamentos-de-refrigeracao\/locacao-de-balcao-refrigerado-em-sao-paulo\/#respond"]}]},{"@type":"WebPage","@id":"https:\/\/www.newkitchens.com.br\/blog\/equipamentos-de-refrigeracao\/locacao-de-balcao-refrigerado-em-sao-paulo\/","url":"https:\/\/www.newkitchens.com.br\/blog\/equipamentos-de-refrigeracao\/locacao-de-balcao-refrigerado-em-sao-paulo\/","name":"Loca\u00e7\u00e3o de balc\u00e3o refrigerado em S\u00e3o Paulo: conhe\u00e7a a New Kitchens! - New Kitchens","isPartOf":{"@id":"https:\/\/www.newkitchens.com.br\/blog\/#website"},"datePublished":"2026-07-26T07:00:09+00:00","dateModified":"2026-07-26T10:00:08+00:00","description":"Loca\u00e7\u00e3o de balc\u00e3o refrigerado em S\u00e3o Paulo: descubra quais as vantagens desse material e descubra como escolher uma boa empresa.","breadcrumb":{"@id":"https:\/\/www.newkitchens.com.br\/blog\/equipamentos-de-refrigeracao\/locacao-de-balcao-refrigerado-em-sao-paulo\/#breadcrumb"},"inLanguage":"pt-BR","potentialAction":[{"@type":"ReadAction","target":["https:\/\/www.newkitchens.com.br\/blog\/equipamentos-de-refrigeracao\/locacao-de-balcao-refrigerado-em-sao-paulo\/"]}]},{"@type":"BreadcrumbList","@id":"https:\/\/www.newkitchens.com.br\/blog\/equipamentos-de-refrigeracao\/locacao-de-balcao-refrigerado-em-sao-paulo\/#breadcrumb","itemListElement":[{"@type":"ListItem","position":1,"name":"In\u00edcio","item":"https:\/\/www.newkitchens.com.br\/blog\/"},{"@type":"ListItem","position":2,"name":"Loca\u00e7\u00e3o de balc\u00e3o refrigerado em S\u00e3o Paulo: conhe\u00e7a a New Kitchens!"}]},{"@type":"WebSite","@id":"https:\/\/www.newkitchens.com.br\/blog\/#website","url":"https:\/\/www.newkitchens.com.br\/blog\/","name":"New Kitchens","description":"Blog New Kitchens","publisher":{"@id":"https:\/\/www.newkitchens.com.br\/blog\/#organization"},"potentialAction":[{"@type":"SearchAction","target":{"@type":"EntryPoint","urlTemplate":"https:\/\/www.newkitchens.com.br\/blog\/?s={search_term_string}"},"query-input":"required name=search_term_string"}],"inLanguage":"pt-BR"},{"@type":"Organization","@id":"https:\/\/www.newkitchens.com.br\/blog\/#organization","name":"New Kitchens","url":"https:\/\/www.newkitchens.com.br\/blog\/","logo":{"@type":"ImageObject","inLanguage":"pt-BR","@id":"https:\/\/www.newkitchens.com.br\/blog\/#\/schema\/logo\/image\/","url":"https:\/\/www.newkitchens.com.br\/blog\/wp-content\/uploads\/2023\/01\/logo3-removebg-preview.png","contentUrl":"https:\/\/www.newkitchens.com.br\/blog\/wp-content\/uploads\/2023\/01\/logo3-removebg-preview.png","width":261,"height":71,"caption":"New Kitchens"},"image":{"@id":"https:\/\/www.newkitchens.com.br\/blog\/#\/schema\/logo\/image\/"}},{"@type":"Person","@id":"https:\/\/www.newkitchens.com.br\/blog\/#\/schema\/person\/c07dd4a25e9dc1fd6c6feada18a91133","name":"admin","image":{"@type":"ImageObject","inLanguage":"pt-BR","@id":"https:\/\/www.newkitchens.com.br\/blog\/#\/schema\/person\/image\/","url":"https:\/\/secure.gravatar.com\/avatar\/3813f53848958b8842eeafda91666185a90010f65ed554379b78794cde6f234a?s=96&d=mm&r=g","contentUrl":"https:\/\/secure.gravatar.com\/avatar\/3813f53848958b8842eeafda91666185a90010f65ed554379b78794cde6f234a?s=96&d=mm&r=g","caption":"admin"},"sameAs":["https:\/\/www.newkitchens.com.br\/blog"],"url":"https:\/\/www.newkitchens.com.br\/blog\/author\/admin\/"}]}},"_links":{"self":[{"href":"https:\/\/www.newkitchens.com.br\/blog\/wp-json\/wp\/v2\/posts\/142","targetHints":{"allow":["GET"]}}],"collection":[{"href":"https:\/\/www.newkitchens.com.br\/blog\/wp-json\/wp\/v2\/posts"}],"about":[{"href":"https:\/\/www.newkitchens.com.br\/blog\/wp-json\/wp\/v2\/types\/post"}],"author":[{"embeddable":true,"href":"https:\/\/www.newkitchens.com.br\/blog\/wp-json\/wp\/v2\/users\/1"}],"replies":[{"embeddable":true,"href":"https:\/\/www.newkitchens.com.br\/blog\/wp-json\/wp\/v2\/comments?post=142"}],"version-history":[{"count":4,"href":"https:\/\/www.newkitchens.com.br\/blog\/wp-json\/wp\/v2\/posts\/142\/revisions"}],"predecessor-version":[{"id":526,"href":"https:\/\/www.newkitchens.com.br\/blog\/wp-json\/wp\/v2\/posts\/142\/revisions\/526"}],"wp:featuredmedia":[{"embeddable":true,"href":"https:\/\/www.newkitchens.com.br\/blog\/wp-json\/wp\/v2\/media\/61"}],"wp:attachment":[{"href":"https:\/\/www.newkitchens.com.br\/blog\/wp-json\/wp\/v2\/media?parent=142"}],"wp:term":[{"taxonomy":"category","embeddable":true,"href":"https:\/\/www.newkitchens.com.br\/blog\/wp-json\/wp\/v2\/categories?post=142"},{"taxonomy":"post_tag","embeddable":true,"href":"https:\/\/www.newkitchens.com.br\/blog\/wp-json\/wp\/v2\/tags?post=142"}],"curies":[{"name":"wp","href":"https:\/\/api.w.org\/{rel}","templated":true}]}}