{"id":181,"date":"2023-10-24T13:39:24","date_gmt":"2023-10-24T13:39:24","guid":{"rendered":"https:\/\/www.newkitchens.com.br\/blog\/?p=181"},"modified":"2023-10-24T13:39:42","modified_gmt":"2023-10-24T13:39:42","slug":"aluguel-de-lava-loucas-em-sao-paulo","status":"publish","type":"post","link":"https:\/\/www.newkitchens.com.br\/blog\/locacao-de-lava-loucas-indutrial\/aluguel-de-lava-loucas-em-sao-paulo\/","title":{"rendered":"Aluguel de lava-lou\u00e7as em S\u00e3o Paulo"},"content":{"rendered":"<span class=\"rt-reading-time\" style=\"display: block;\"><span class=\"rt-label rt-prefix\">Tempo de leitura:<\/span> <span class=\"rt-time\">3<\/span> <span class=\"rt-label rt-postfix\">minutos<\/span><\/span>\n<p class=\"has-medium-font-size\"><strong><em>Descubra as vantagens do aluguel de lava-lou\u00e7as em S\u00e3o Paulo e como essa op\u00e7\u00e3o pode simplificar sua rotina na cidade.<\/em><\/strong><\/p>\n\n\n\n<p>O Aluguel de lava-lou\u00e7as em S\u00e3o Paulo tem se tornado uma op\u00e7\u00e3o cada vez mais popular para fam\u00edlias e empresas que buscam simplificar suas tarefas dom\u00e9sticas e otimizar seu tempo na cozinha.<\/p>\n\n\n\n<p>Em uma cidade agitada como S\u00e3o Paulo, onde o tempo \u00e9 um recurso valioso, a praticidade de contar com uma lava-lou\u00e7as pode fazer toda a diferen\u00e7a.<\/p>\n\n\n\n<p>Neste artigo, exploraremos as vantagens de optar pelo aluguel de lava-lou\u00e7as na metr\u00f3pole paulistana e como essa escolha pode melhorar a qualidade de vida.<\/p>\n\n\n\n<ul class=\"wp-block-list\">\n<li><a href=\"https:\/\/www.newkitchens.com.br\/blog\/cozinha-container\/chapa-a-gas-industrial-na-zona-sul\/\">Chapa a g\u00e1s industrial na Zona Sul: onde encontrar?<\/a><\/li>\n<\/ul>\n\n\n\n<h2 class=\"wp-block-heading\">Vantagens da loca\u00e7\u00e3o de lava-lou\u00e7as<\/h2>\n\n\n\n<p><strong>Economia de tempo: <\/strong>A lava-lou\u00e7as automatiza a tarefa de lavar pratos e talheres, economizando horas preciosas em sua rotina di\u00e1ria.<\/p>\n\n\n\n<p><strong>Economia de \u00e1gua:<\/strong> As lava-lou\u00e7as modernas utilizam menos \u00e1gua do que a lavagem manual, promovendo o uso consciente desse recurso.<\/p>\n\n\n<div class=\"wp-block-image is-style-rounded\">\n<figure class=\"alignright is-resized\"><img loading=\"lazy\" decoding=\"async\" width=\"1000\" height=\"667\" src=\"https:\/\/www.newkitchens.com.br\/blog\/wp-content\/uploads\/2023\/10\/mulher-colocando-a-louca-na-maquina-de-lavar-louca-na-cozinha-do-apartamento-dela.jpg\" alt=\"Aluguel de lava-lou\u00e7as em S\u00e3o Paulo\" class=\"wp-image-184\" style=\"aspect-ratio:1.4992503748125936;width:252px;height:auto\" srcset=\"https:\/\/www.newkitchens.com.br\/blog\/wp-content\/uploads\/2023\/10\/mulher-colocando-a-louca-na-maquina-de-lavar-louca-na-cozinha-do-apartamento-dela.jpg 1000w, https:\/\/www.newkitchens.com.br\/blog\/wp-content\/uploads\/2023\/10\/mulher-colocando-a-louca-na-maquina-de-lavar-louca-na-cozinha-do-apartamento-dela-300x200.jpg 300w, https:\/\/www.newkitchens.com.br\/blog\/wp-content\/uploads\/2023\/10\/mulher-colocando-a-louca-na-maquina-de-lavar-louca-na-cozinha-do-apartamento-dela-768x512.jpg 768w\" sizes=\"auto, (max-width: 1000px) 100vw, 1000px\" \/><\/figure>\n<\/div>\n\n\n<p><strong>Higiene garantida:<\/strong> A \u00e1gua quente e os detergentes especiais utilizados pelas lava-lou\u00e7as garantem a completa limpeza e higieniza\u00e7\u00e3o dos utens\u00edlios.<\/p>\n\n\n\n<p><strong>Prolongamento da vida \u00fatil dos utens\u00edlios: <\/strong>Evita o desgaste de pratos, talheres e utens\u00edlios de cozinha, prolongando sua durabilidade e economizando em substitui\u00e7\u00f5es frequentes.<\/p>\n\n\n\n<p><strong>Facilidade de uso:<\/strong> As lava-lou\u00e7as s\u00e3o projetadas para serem f\u00e1ceis de usar, tornando a vida na cozinha mais conveniente.<\/p>\n\n\n\n<p><strong>Efici\u00eancia energ\u00e9tica:<\/strong> Muitos modelos s\u00e3o eficientes em termos de energia, ajudando a reduzir os custos de eletricidade.<\/p>\n\n\n\n<p><strong>Redu\u00e7\u00e3o do trabalho manual:<\/strong> Elimina a necessidade de esfregar pratos e panelas, poupando esfor\u00e7o f\u00edsico.<\/p>\n\n\n\n<p><strong>Ambiente mais limpo:<\/strong> Uma cozinha livre de lou\u00e7a suja contribui para um ambiente mais limpo e agrad\u00e1vel em sua casa.<\/p>\n\n\n\n<p><strong>Disponibilidade para tarefas importantes: <\/strong>Libera tempo para se concentrar em outras atividades e compromissos importantes.<\/p>\n\n\n\n<p><strong>Solu\u00e7\u00e3o para fam\u00edlias grandes:<\/strong> Ideal para fam\u00edlias numerosas que produzem grandes volumes de lou\u00e7a suja diariamente.<\/p>\n\n\n\n<ul class=\"wp-block-list\">\n<li><a href=\"https:\/\/www.newkitchens.com.br\/blog\/lavadora-de-louca-industrial\/conheca-as-vantagens-da-locacao-de-lava-louca\/\">Conhe\u00e7a as vantagens da loca\u00e7\u00e3o de lava-lou\u00e7a<\/a><\/li>\n<\/ul>\n\n\n\n<h2 class=\"wp-block-heading\">Onde alugar lava-lou\u00e7as em S\u00e3o Paulo?<\/h2>\n\n\n\n<p>Para aqueles que desejam experimentar os benef\u00edcios do aluguel de lava-lou\u00e7as em S\u00e3o Paulo, a <a href=\"https:\/\/www.newkitchens.com.br\/\">New Kitchens<\/a> se destaca como a escolha n\u00famero um.<\/p>\n\n\n\n<p>Esta empresa n\u00e3o apenas oferece produtos de alta qualidade, mas tamb\u00e9m se diferencia pelo conhecimento e experi\u00eancia de seus funcion\u00e1rios, que est\u00e3o prontos para orientar os clientes na escolha do equipamento adequado \u00e0s suas necessidades espec\u00edficas.<\/p>\n\n\n\n<p>Al\u00e9m disso, a instala\u00e7\u00e3o profissional realizada pela New Kitchens garante que o equipamento funcione de forma eficiente desde o primeiro dia.<\/p>\n\n\n\n<p>Se voc\u00ea est\u00e1 pronto para simplificar sua vida na cozinha, <a href=\"https:\/\/api.whatsapp.com\/send?phone=5511911166270\">entre em contato<\/a> com a New Kitchens hoje mesmo e descubra como o aluguel de lava-lou\u00e7as pode transformar sua rotina.<\/p>\n\n\n\n<p>N\u00e3o perca a oportunidade de desfrutar de mais tempo livre e uma cozinha mais limpa e higi\u00eanica.<\/p>\n\n\n\n<p>E continue acompanhando nosso <a href=\"https:\/\/www.newkitchens.com.br\/blog\">blog<\/a> para mais dicas e informa\u00e7\u00f5es \u00fateis sobre eletrodom\u00e9sticos e solu\u00e7\u00f5es para sua casa.<\/p>\n\n\n\n<p>O aluguel de lava-lou\u00e7as em S\u00e3o Paulo \u00e9 a escolha inteligente para quem valoriza praticidade, efici\u00eancia e qualidade.<\/p>\n\n\n\n<p>A New Kitchens est\u00e1 \u00e0 sua disposi\u00e7\u00e3o para tornar sua vida na cozinha muito mais f\u00e1cil e conveniente.<\/p>\n\n\n\n<ul class=\"wp-block-list\">\n<li><a href=\"https:\/\/www.newkitchens.com.br\/blog\/equipamentos-de-refrigeracao\/aluguel-de-hot-box-na-zona-sul\/\">Aluguel de hot box na Zona Sul: qual a escolha certa?<\/a><\/li>\n<\/ul>\n\n\n\n<figure class=\"wp-block-image is-style-rounded\"><a href=\"https:\/\/www.newkitchens.com.br\/orcamento\"><img loading=\"lazy\" decoding=\"async\" width=\"750\" height=\"200\" src=\"https:\/\/www.newkitchens.com.br\/blog\/wp-content\/uploads\/2023\/10\/WhatsApp-Image-2023-10-17-at-10.12.41-1.jpeg\" alt=\"\" class=\"wp-image-183\" srcset=\"https:\/\/www.newkitchens.com.br\/blog\/wp-content\/uploads\/2023\/10\/WhatsApp-Image-2023-10-17-at-10.12.41-1.jpeg 750w, https:\/\/www.newkitchens.com.br\/blog\/wp-content\/uploads\/2023\/10\/WhatsApp-Image-2023-10-17-at-10.12.41-1-300x80.jpeg 300w\" sizes=\"auto, (max-width: 750px) 100vw, 750px\" \/><\/a><\/figure>\n","protected":false},"excerpt":{"rendered":"<p><span class=\"rt-reading-time\" style=\"display: block;\"><span class=\"rt-label rt-prefix\">Tempo de leitura:<\/span> <span class=\"rt-time\">3<\/span> <span class=\"rt-label rt-postfix\">minutos<\/span><\/span> Descubra as vantagens do aluguel de lava-lou\u00e7as em S\u00e3o Paulo e como essa op\u00e7\u00e3o pode simplificar sua rotina na cidade. O Aluguel de lava-lou\u00e7as em S\u00e3o Paulo tem se tornado uma op\u00e7\u00e3o cada vez mais popular para fam\u00edlias e empresas&#8230;<\/p>\n","protected":false},"author":1,"featured_media":185,"comment_status":"open","ping_status":"open","sticky":false,"template":"","format":"standard","meta":{"footnotes":""},"categories":[2751],"tags":[3139,3131,3129,3133,3136,3151,3155,3145,3141,3127,3143,3148,2054,2050,2046,3134,3137,3153,3152,3156,3146,2065,2047,2072,3149,3140,3132,3130,3135,3138,3154,3157,3147,3142,3128,3144,3150,3123,2084,3124,2755,2757,2756,2776,2767,2764,2770,2773,2791,2794,2785,2779,2761,2782,2788,2778,2769,2766,2772,2775,2793,2796,2787,2781,2763,2784,2790,2777,2768,2765,2771,2774,2792,2795,2786,2780,2762,2783,2789,3125,2089,3126,2758,2760,2759,3121,2038,3122,2752,2754,2753],"class_list":{"0":"post-181","1":"post","2":"type-post","3":"status-publish","4":"format-standard","5":"has-post-thumbnail","6":"hentry","7":"category-locacao-de-lava-loucas-indutrial","8":"tag-aluguel-de-lava-louca-em-promocao","9":"tag-aluguel-de-lava-louca-em-sao-paulo","10":"tag-aluguel-de-lava-louca-em-sp","11":"tag-aluguel-de-lava-louca-na-vergueiro","12":"tag-aluguel-de-lava-louca-na-vila-dom-pedro","13":"tag-aluguel-de-lava-louca-na-zl","14":"tag-aluguel-de-lava-louca-na-zona-leste","15":"tag-aluguel-de-lava-louca-no-ipiranga","16":"tag-aluguel-de-lava-louca-perto-de-mim","17":"tag-aluguel-de-lava-louca-preco","18":"tag-aluguel-de-lava-louca-proximo-a-mim","19":"tag-aluguel-de-lava-louca-proximo-ao-ipiranga","20":"tag-aluguel-de-lava-loucas-em-promocao","21":"tag-aluguel-de-lava-loucas-em-sao-paulo","22":"tag-aluguel-de-lava-loucas-em-sp","23":"tag-aluguel-de-lava-loucas-na-vergueiro","24":"tag-aluguel-de-lava-loucas-na-vila-dom-pedro","25":"tag-aluguel-de-lava-loucas-na-zl","27":"tag-aluguel-de-lava-loucas-na-zona-leste","28":"tag-aluguel-de-lava-loucas-no-ipiranga","29":"tag-aluguel-de-lava-loucas-perto-de-mim","30":"tag-aluguel-de-lava-loucas-preco","31":"tag-aluguel-de-lava-loucas-proximo-a-mim","32":"tag-aluguel-de-lava-loucas-proximo-ao-ipiranga","33":"tag-aluguel-de-lavadora-de-louca-em-promocao","34":"tag-aluguel-de-lavadora-de-louca-em-sao-paulo","35":"tag-aluguel-de-lavadora-de-louca-em-sp","36":"tag-aluguel-de-lavadora-de-louca-na-vergueiro","37":"tag-aluguel-de-lavadora-de-louca-na-vila-dom-pedro","38":"tag-aluguel-de-lavadora-de-louca-na-zl","39":"tag-aluguel-de-lavadora-de-louca-na-zona-leste","40":"tag-aluguel-de-lavadora-de-louca-no-ipiranga","41":"tag-aluguel-de-lavadora-de-louca-perto-de-mim","42":"tag-aluguel-de-lavadora-de-louca-preco","43":"tag-aluguel-de-lavadora-de-louca-proximo-a-mim","44":"tag-aluguel-de-lavadora-de-louca-proximo-ao-ipiranga","45":"tag-empresa-de-aluguel-de-lava-louca","46":"tag-empresa-de-aluguel-de-lava-loucas","47":"tag-empresa-de-aluguel-de-lavadora-de-louca","48":"tag-empresa-de-locacao-de-lava-louca","49":"tag-empresa-de-locacao-de-lava-loucas","50":"tag-empresa-de-locacao-de-lavadora-de-louca","51":"tag-locacao-de-lava-louca-em-promocao","52":"tag-locacao-de-lava-louca-em-sao-paulo","53":"tag-locacao-de-lava-louca-em-sp","54":"tag-locacao-de-lava-louca-na-vergueiro","55":"tag-locacao-de-lava-louca-na-vila-dom-pedro","56":"tag-locacao-de-lava-louca-na-zl","57":"tag-locacao-de-lava-louca-na-zona-leste","58":"tag-locacao-de-lava-louca-no-ipiranga","59":"tag-locacao-de-lava-louca-perto-de-mim","60":"tag-locacao-de-lava-louca-preco","61":"tag-locacao-de-lava-louca-proximo-a-mim","62":"tag-locacao-de-lava-louca-proximo-ao-ipiranga","63":"tag-locacao-de-lava-loucas-em-promocao","64":"tag-locacao-de-lava-loucas-em-sao-paulo","65":"tag-locacao-de-lava-loucas-em-sp","66":"tag-locacao-de-lava-loucas-na-vergueiro","67":"tag-locacao-de-lava-loucas-na-vila-dom-pedro","68":"tag-locacao-de-lava-loucas-na-zl","69":"tag-locacao-de-lava-loucas-na-zona-leste","70":"tag-locacao-de-lava-loucas-no-ipiranga","71":"tag-locacao-de-lava-loucas-perto-de-mim","72":"tag-locacao-de-lava-loucas-preco","73":"tag-locacao-de-lava-loucas-proximo-a-mim","74":"tag-locacao-de-lava-loucas-proximo-ao-ipiranga","75":"tag-locacao-de-lavadora-de-louca-em-promocao","76":"tag-locacao-de-lavadora-de-louca-em-sao-paulo","77":"tag-locacao-de-lavadora-de-louca-em-sp","78":"tag-locacao-de-lavadora-de-louca-na-vergueiro","79":"tag-locacao-de-lavadora-de-louca-na-vila-dom-pedro","80":"tag-locacao-de-lavadora-de-louca-na-zl","81":"tag-locacao-de-lavadora-de-louca-na-zona-leste","82":"tag-locacao-de-lavadora-de-louca-no-ipiranga","83":"tag-locacao-de-lavadora-de-louca-perto-de-mim","84":"tag-locacao-de-lavadora-de-louca-preco","85":"tag-locacao-de-lavadora-de-louca-proximo-a-mim","86":"tag-locacao-de-lavadora-de-louca-proximo-ao-ipiranga","87":"tag-loja-de-aluguel-de-lava-louca","88":"tag-loja-de-aluguel-de-lava-loucas","89":"tag-loja-de-aluguel-de-lavadora-de-louca","90":"tag-loja-de-locacao-de-lava-louca","91":"tag-loja-de-locacao-de-lava-loucas","92":"tag-loja-de-locacao-de-lavadora-de-louca","93":"tag-onde-encontrar-aluguel-de-lava-louca","94":"tag-onde-encontrar-aluguel-de-lava-loucas","95":"tag-onde-encontrar-aluguel-de-lavadora-de-louca","96":"tag-onde-encontrar-locacao-de-lava-louca","97":"tag-onde-encontrar-locacao-de-lava-loucas","98":"tag-onde-encontrar-locacao-de-lavadora-de-louca"},"yoast_head":"<!-- This site is optimized with the Yoast SEO plugin v20.1 - https:\/\/yoast.com\/wordpress\/plugins\/seo\/ -->\n<title>Aluguel de lava-lou\u00e7as em S\u00e3o Paulo - New Kitchens<\/title>\n<meta name=\"description\" content=\"Descubra as vantagens do aluguel de lava-lou\u00e7as em S\u00e3o Paulo e como essa op\u00e7\u00e3o pode simplificar sua rotina na cidade.\" \/>\n<meta name=\"robots\" content=\"index, follow, max-snippet:-1, max-image-preview:large, max-video-preview:-1\" \/>\n<link rel=\"canonical\" href=\"https:\/\/www.newkitchens.com.br\/blog\/locacao-de-lava-loucas-indutrial\/aluguel-de-lava-loucas-em-sao-paulo\/\" \/>\n<meta property=\"og:locale\" content=\"pt_BR\" \/>\n<meta property=\"og:type\" content=\"article\" \/>\n<meta property=\"og:title\" content=\"Aluguel de lava-lou\u00e7as em S\u00e3o Paulo - New Kitchens\" \/>\n<meta property=\"og:description\" content=\"Descubra as vantagens do aluguel de lava-lou\u00e7as em S\u00e3o Paulo e como essa op\u00e7\u00e3o pode simplificar sua rotina na cidade.\" \/>\n<meta property=\"og:url\" content=\"https:\/\/www.newkitchens.com.br\/blog\/locacao-de-lava-loucas-indutrial\/aluguel-de-lava-loucas-em-sao-paulo\/\" \/>\n<meta property=\"og:site_name\" content=\"New Kitchens\" \/>\n<meta property=\"article:published_time\" content=\"2023-10-24T13:39:24+00:00\" \/>\n<meta property=\"article:modified_time\" content=\"2023-10-24T13:39:42+00:00\" \/>\n<meta property=\"og:image\" content=\"https:\/\/www.newkitchens.com.br\/blog\/wp-content\/uploads\/2023\/10\/uma-maquina-de-lavar-louca-com-um-monte-de-pratos-sujos.jpg\" \/>\n\t<meta property=\"og:image:width\" content=\"1000\" \/>\n\t<meta property=\"og:image:height\" content=\"571\" \/>\n\t<meta property=\"og:image:type\" content=\"image\/jpeg\" \/>\n<meta name=\"author\" content=\"admin\" \/>\n<meta name=\"twitter:card\" content=\"summary_large_image\" \/>\n<meta name=\"twitter:label1\" content=\"Escrito por\" \/>\n\t<meta name=\"twitter:data1\" content=\"admin\" \/>\n\t<meta name=\"twitter:label2\" content=\"Est. tempo de leitura\" \/>\n\t<meta name=\"twitter:data2\" content=\"4 minutos\" \/>\n<script type=\"application\/ld+json\" class=\"yoast-schema-graph\">{\"@context\":\"https:\/\/schema.org\",\"@graph\":[{\"@type\":\"Article\",\"@id\":\"https:\/\/www.newkitchens.com.br\/blog\/locacao-de-lava-loucas-indutrial\/aluguel-de-lava-loucas-em-sao-paulo\/#article\",\"isPartOf\":{\"@id\":\"https:\/\/www.newkitchens.com.br\/blog\/locacao-de-lava-loucas-indutrial\/aluguel-de-lava-loucas-em-sao-paulo\/\"},\"author\":{\"name\":\"admin\",\"@id\":\"https:\/\/www.newkitchens.com.br\/blog\/#\/schema\/person\/c07dd4a25e9dc1fd6c6feada18a91133\"},\"headline\":\"Aluguel de lava-lou\u00e7as em S\u00e3o Paulo\",\"datePublished\":\"2023-10-24T13:39:24+00:00\",\"dateModified\":\"2023-10-24T13:39:42+00:00\",\"mainEntityOfPage\":{\"@id\":\"https:\/\/www.newkitchens.com.br\/blog\/locacao-de-lava-loucas-indutrial\/aluguel-de-lava-loucas-em-sao-paulo\/\"},\"wordCount\":581,\"commentCount\":0,\"publisher\":{\"@id\":\"https:\/\/www.newkitchens.com.br\/blog\/#organization\"},\"keywords\":[\"aluguel de lava-lou\u00e7a em promo\u00e7\u00e3o\",\"aluguel de lava-lou\u00e7a em s\u00e3o paulo\",\"aluguel de lava-lou\u00e7a em sp\",\"aluguel de lava-lou\u00e7a na vergueiro\",\"aluguel de lava-lou\u00e7a na vila dom pedro\",\"aluguel de lava-lou\u00e7a na zl\",\"aluguel de lava-lou\u00e7a na zona leste\",\"aluguel de lava-lou\u00e7a no ipiranga\",\"aluguel de lava-lou\u00e7a perto de mim\",\"aluguel de lava-lou\u00e7a pre\u00e7o\",\"aluguel de lava-lou\u00e7a pr\u00f3ximo a mim\",\"aluguel de lava-lou\u00e7a pr\u00f3ximo ao ipiranga\",\"aluguel de lava-lou\u00e7as em promo\u00e7\u00e3o\",\"aluguel de lava-lou\u00e7as em s\u00e3o paulo\",\"aluguel de lava-lou\u00e7as em sp\",\"aluguel de lava-lou\u00e7as na vergueiro\",\"aluguel de lava-lou\u00e7as na vila dom pedro\",\"aluguel de lava-lou\u00e7as na zl\",\"aluguel de lava-lou\u00e7as na zl\",\"aluguel de lava-lou\u00e7as na zona leste\",\"aluguel de lava-lou\u00e7as no ipiranga\",\"aluguel de lava-lou\u00e7as perto de mim\",\"aluguel de lava-lou\u00e7as pre\u00e7o\",\"aluguel de lava-lou\u00e7as pr\u00f3ximo a mim\",\"aluguel de lava-lou\u00e7as pr\u00f3ximo ao ipiranga\",\"aluguel de lavadora de lou\u00e7a em promo\u00e7\u00e3o\",\"aluguel de lavadora de lou\u00e7a em s\u00e3o paulo\",\"aluguel de lavadora de lou\u00e7a em sp\",\"aluguel de lavadora de lou\u00e7a na vergueiro\",\"aluguel de lavadora de lou\u00e7a na vila dom pedro\",\"aluguel de lavadora de lou\u00e7a na zl\",\"aluguel de lavadora de lou\u00e7a na zona leste\",\"aluguel de lavadora de lou\u00e7a no ipiranga\",\"aluguel de lavadora de lou\u00e7a perto de mim\",\"aluguel de lavadora de lou\u00e7a pre\u00e7o\",\"aluguel de lavadora de lou\u00e7a pr\u00f3ximo a mim\",\"aluguel de lavadora de lou\u00e7a pr\u00f3ximo ao ipiranga\",\"empresa de aluguel de lava-lou\u00e7a\",\"empresa de aluguel de lava-lou\u00e7as\",\"empresa de aluguel de lavadora de lou\u00e7a\",\"empresa de loca\u00e7\u00e3o de lava-lou\u00e7a\",\"empresa de loca\u00e7\u00e3o de lava-lou\u00e7as\",\"empresa de loca\u00e7\u00e3o de lavadora de lou\u00e7a\",\"loca\u00e7\u00e3o de lava-lou\u00e7a em promo\u00e7\u00e3o\",\"loca\u00e7\u00e3o de lava-lou\u00e7a em s\u00e3o paulo\",\"loca\u00e7\u00e3o de lava-lou\u00e7a em sp\",\"loca\u00e7\u00e3o de lava-lou\u00e7a na vergueiro\",\"loca\u00e7\u00e3o de lava-lou\u00e7a na vila dom pedro\",\"loca\u00e7\u00e3o de lava-lou\u00e7a na zl\",\"loca\u00e7\u00e3o de lava-lou\u00e7a na zona leste\",\"loca\u00e7\u00e3o de lava-lou\u00e7a no ipiranga\",\"loca\u00e7\u00e3o de lava-lou\u00e7a perto de mim\",\"loca\u00e7\u00e3o de lava-lou\u00e7a pre\u00e7o\",\"loca\u00e7\u00e3o de lava-lou\u00e7a pr\u00f3ximo a mim\",\"loca\u00e7\u00e3o de lava-lou\u00e7a pr\u00f3ximo ao ipiranga\",\"loca\u00e7\u00e3o de lava-lou\u00e7as em promo\u00e7\u00e3o\",\"loca\u00e7\u00e3o de lava-lou\u00e7as em s\u00e3o paulo\",\"loca\u00e7\u00e3o de lava-lou\u00e7as em sp\",\"loca\u00e7\u00e3o de lava-lou\u00e7as na vergueiro\",\"loca\u00e7\u00e3o de lava-lou\u00e7as na vila dom pedro\",\"loca\u00e7\u00e3o de lava-lou\u00e7as na zl\",\"loca\u00e7\u00e3o de lava-lou\u00e7as na zona leste\",\"loca\u00e7\u00e3o de lava-lou\u00e7as no ipiranga\",\"loca\u00e7\u00e3o de lava-lou\u00e7as perto de mim\",\"loca\u00e7\u00e3o de lava-lou\u00e7as pre\u00e7o\",\"loca\u00e7\u00e3o de lava-lou\u00e7as pr\u00f3ximo a mim\",\"loca\u00e7\u00e3o de lava-lou\u00e7as pr\u00f3ximo ao ipiranga\",\"loca\u00e7\u00e3o de lavadora de lou\u00e7a em promo\u00e7\u00e3o\",\"loca\u00e7\u00e3o de lavadora de lou\u00e7a em s\u00e3o paulo\",\"loca\u00e7\u00e3o de lavadora de lou\u00e7a em sp\",\"loca\u00e7\u00e3o de lavadora de lou\u00e7a na vergueiro\",\"loca\u00e7\u00e3o de lavadora de lou\u00e7a na vila dom pedro\",\"loca\u00e7\u00e3o de lavadora de lou\u00e7a na zl\",\"loca\u00e7\u00e3o de lavadora de lou\u00e7a na zona leste\",\"loca\u00e7\u00e3o de lavadora de lou\u00e7a no ipiranga\",\"loca\u00e7\u00e3o de lavadora de lou\u00e7a perto de mim\",\"loca\u00e7\u00e3o de lavadora de lou\u00e7a pre\u00e7o\",\"loca\u00e7\u00e3o de lavadora de lou\u00e7a pr\u00f3ximo a mim\",\"loca\u00e7\u00e3o de lavadora de lou\u00e7a pr\u00f3ximo ao ipiranga\",\"loja de aluguel de lava-lou\u00e7a\",\"loja de aluguel de lava-lou\u00e7as\",\"loja de aluguel de lavadora de lou\u00e7a\",\"loja de loca\u00e7\u00e3o de lava-lou\u00e7a\",\"loja de loca\u00e7\u00e3o de lava-lou\u00e7as\",\"loja de loca\u00e7\u00e3o de lavadora de lou\u00e7a\",\"onde encontrar aluguel de lava-lou\u00e7a\",\"onde encontrar aluguel de lava-lou\u00e7as\",\"onde encontrar aluguel de lavadora de lou\u00e7a\",\"onde encontrar loca\u00e7\u00e3o de lava-lou\u00e7a\",\"onde encontrar loca\u00e7\u00e3o de lava-lou\u00e7as\",\"onde encontrar loca\u00e7\u00e3o de lavadora de lou\u00e7a\"],\"articleSection\":[\"Loca\u00e7\u00e3o de lava-lou\u00e7as indutrial\"],\"inLanguage\":\"pt-BR\",\"potentialAction\":[{\"@type\":\"CommentAction\",\"name\":\"Comment\",\"target\":[\"https:\/\/www.newkitchens.com.br\/blog\/locacao-de-lava-loucas-indutrial\/aluguel-de-lava-loucas-em-sao-paulo\/#respond\"]}]},{\"@type\":\"WebPage\",\"@id\":\"https:\/\/www.newkitchens.com.br\/blog\/locacao-de-lava-loucas-indutrial\/aluguel-de-lava-loucas-em-sao-paulo\/\",\"url\":\"https:\/\/www.newkitchens.com.br\/blog\/locacao-de-lava-loucas-indutrial\/aluguel-de-lava-loucas-em-sao-paulo\/\",\"name\":\"Aluguel de lava-lou\u00e7as em S\u00e3o Paulo - New Kitchens\",\"isPartOf\":{\"@id\":\"https:\/\/www.newkitchens.com.br\/blog\/#website\"},\"datePublished\":\"2023-10-24T13:39:24+00:00\",\"dateModified\":\"2023-10-24T13:39:42+00:00\",\"description\":\"Descubra as vantagens do aluguel de lava-lou\u00e7as em S\u00e3o Paulo e como essa op\u00e7\u00e3o pode simplificar sua rotina na cidade.\",\"breadcrumb\":{\"@id\":\"https:\/\/www.newkitchens.com.br\/blog\/locacao-de-lava-loucas-indutrial\/aluguel-de-lava-loucas-em-sao-paulo\/#breadcrumb\"},\"inLanguage\":\"pt-BR\",\"potentialAction\":[{\"@type\":\"ReadAction\",\"target\":[\"https:\/\/www.newkitchens.com.br\/blog\/locacao-de-lava-loucas-indutrial\/aluguel-de-lava-loucas-em-sao-paulo\/\"]}]},{\"@type\":\"BreadcrumbList\",\"@id\":\"https:\/\/www.newkitchens.com.br\/blog\/locacao-de-lava-loucas-indutrial\/aluguel-de-lava-loucas-em-sao-paulo\/#breadcrumb\",\"itemListElement\":[{\"@type\":\"ListItem\",\"position\":1,\"name\":\"In\u00edcio\",\"item\":\"https:\/\/www.newkitchens.com.br\/blog\/\"},{\"@type\":\"ListItem\",\"position\":2,\"name\":\"Aluguel de lava-lou\u00e7as em S\u00e3o Paulo\"}]},{\"@type\":\"WebSite\",\"@id\":\"https:\/\/www.newkitchens.com.br\/blog\/#website\",\"url\":\"https:\/\/www.newkitchens.com.br\/blog\/\",\"name\":\"New Kitchens\",\"description\":\"Blog New Kitchens\",\"publisher\":{\"@id\":\"https:\/\/www.newkitchens.com.br\/blog\/#organization\"},\"potentialAction\":[{\"@type\":\"SearchAction\",\"target\":{\"@type\":\"EntryPoint\",\"urlTemplate\":\"https:\/\/www.newkitchens.com.br\/blog\/?s={search_term_string}\"},\"query-input\":\"required name=search_term_string\"}],\"inLanguage\":\"pt-BR\"},{\"@type\":\"Organization\",\"@id\":\"https:\/\/www.newkitchens.com.br\/blog\/#organization\",\"name\":\"New Kitchens\",\"url\":\"https:\/\/www.newkitchens.com.br\/blog\/\",\"logo\":{\"@type\":\"ImageObject\",\"inLanguage\":\"pt-BR\",\"@id\":\"https:\/\/www.newkitchens.com.br\/blog\/#\/schema\/logo\/image\/\",\"url\":\"https:\/\/www.newkitchens.com.br\/blog\/wp-content\/uploads\/2023\/01\/logo3-removebg-preview.png\",\"contentUrl\":\"https:\/\/www.newkitchens.com.br\/blog\/wp-content\/uploads\/2023\/01\/logo3-removebg-preview.png\",\"width\":261,\"height\":71,\"caption\":\"New Kitchens\"},\"image\":{\"@id\":\"https:\/\/www.newkitchens.com.br\/blog\/#\/schema\/logo\/image\/\"}},{\"@type\":\"Person\",\"@id\":\"https:\/\/www.newkitchens.com.br\/blog\/#\/schema\/person\/c07dd4a25e9dc1fd6c6feada18a91133\",\"name\":\"admin\",\"image\":{\"@type\":\"ImageObject\",\"inLanguage\":\"pt-BR\",\"@id\":\"https:\/\/www.newkitchens.com.br\/blog\/#\/schema\/person\/image\/\",\"url\":\"https:\/\/secure.gravatar.com\/avatar\/3813f53848958b8842eeafda91666185a90010f65ed554379b78794cde6f234a?s=96&d=mm&r=g\",\"contentUrl\":\"https:\/\/secure.gravatar.com\/avatar\/3813f53848958b8842eeafda91666185a90010f65ed554379b78794cde6f234a?s=96&d=mm&r=g\",\"caption\":\"admin\"},\"sameAs\":[\"https:\/\/www.newkitchens.com.br\/blog\"],\"url\":\"https:\/\/www.newkitchens.com.br\/blog\/author\/admin\/\"}]}<\/script>\n<!-- \/ Yoast SEO plugin. -->","yoast_head_json":{"title":"Aluguel de lava-lou\u00e7as em S\u00e3o Paulo - New Kitchens","description":"Descubra as vantagens do aluguel de lava-lou\u00e7as em S\u00e3o Paulo e como essa op\u00e7\u00e3o pode simplificar sua rotina na cidade.","robots":{"index":"index","follow":"follow","max-snippet":"max-snippet:-1","max-image-preview":"max-image-preview:large","max-video-preview":"max-video-preview:-1"},"canonical":"https:\/\/www.newkitchens.com.br\/blog\/locacao-de-lava-loucas-indutrial\/aluguel-de-lava-loucas-em-sao-paulo\/","og_locale":"pt_BR","og_type":"article","og_title":"Aluguel de lava-lou\u00e7as em S\u00e3o Paulo - New Kitchens","og_description":"Descubra as vantagens do aluguel de lava-lou\u00e7as em S\u00e3o Paulo e como essa op\u00e7\u00e3o pode simplificar sua rotina na cidade.","og_url":"https:\/\/www.newkitchens.com.br\/blog\/locacao-de-lava-loucas-indutrial\/aluguel-de-lava-loucas-em-sao-paulo\/","og_site_name":"New Kitchens","article_published_time":"2023-10-24T13:39:24+00:00","article_modified_time":"2023-10-24T13:39:42+00:00","og_image":[{"width":1000,"height":571,"url":"https:\/\/www.newkitchens.com.br\/blog\/wp-content\/uploads\/2023\/10\/uma-maquina-de-lavar-louca-com-um-monte-de-pratos-sujos.jpg","type":"image\/jpeg"}],"author":"admin","twitter_card":"summary_large_image","twitter_misc":{"Escrito por":"admin","Est. tempo de leitura":"4 minutos"},"schema":{"@context":"https:\/\/schema.org","@graph":[{"@type":"Article","@id":"https:\/\/www.newkitchens.com.br\/blog\/locacao-de-lava-loucas-indutrial\/aluguel-de-lava-loucas-em-sao-paulo\/#article","isPartOf":{"@id":"https:\/\/www.newkitchens.com.br\/blog\/locacao-de-lava-loucas-indutrial\/aluguel-de-lava-loucas-em-sao-paulo\/"},"author":{"name":"admin","@id":"https:\/\/www.newkitchens.com.br\/blog\/#\/schema\/person\/c07dd4a25e9dc1fd6c6feada18a91133"},"headline":"Aluguel de lava-lou\u00e7as em S\u00e3o Paulo","datePublished":"2023-10-24T13:39:24+00:00","dateModified":"2023-10-24T13:39:42+00:00","mainEntityOfPage":{"@id":"https:\/\/www.newkitchens.com.br\/blog\/locacao-de-lava-loucas-indutrial\/aluguel-de-lava-loucas-em-sao-paulo\/"},"wordCount":581,"commentCount":0,"publisher":{"@id":"https:\/\/www.newkitchens.com.br\/blog\/#organization"},"keywords":["aluguel de lava-lou\u00e7a em promo\u00e7\u00e3o","aluguel de lava-lou\u00e7a em s\u00e3o paulo","aluguel de lava-lou\u00e7a em sp","aluguel de lava-lou\u00e7a na vergueiro","aluguel de lava-lou\u00e7a na vila dom pedro","aluguel de lava-lou\u00e7a na zl","aluguel de lava-lou\u00e7a na zona leste","aluguel de lava-lou\u00e7a no ipiranga","aluguel de lava-lou\u00e7a perto de mim","aluguel de lava-lou\u00e7a pre\u00e7o","aluguel de lava-lou\u00e7a pr\u00f3ximo a mim","aluguel de lava-lou\u00e7a pr\u00f3ximo ao ipiranga","aluguel de lava-lou\u00e7as em promo\u00e7\u00e3o","aluguel de lava-lou\u00e7as em s\u00e3o paulo","aluguel de lava-lou\u00e7as em sp","aluguel de lava-lou\u00e7as na vergueiro","aluguel de lava-lou\u00e7as na vila dom pedro","aluguel de lava-lou\u00e7as na zl","aluguel de lava-lou\u00e7as na zl","aluguel de lava-lou\u00e7as na zona leste","aluguel de lava-lou\u00e7as no ipiranga","aluguel de lava-lou\u00e7as perto de mim","aluguel de lava-lou\u00e7as pre\u00e7o","aluguel de lava-lou\u00e7as pr\u00f3ximo a mim","aluguel de lava-lou\u00e7as pr\u00f3ximo ao ipiranga","aluguel de lavadora de lou\u00e7a em promo\u00e7\u00e3o","aluguel de lavadora de lou\u00e7a em s\u00e3o paulo","aluguel de lavadora de lou\u00e7a em sp","aluguel de lavadora de lou\u00e7a na vergueiro","aluguel de lavadora de lou\u00e7a na vila dom pedro","aluguel de lavadora de lou\u00e7a na zl","aluguel de lavadora de lou\u00e7a na zona leste","aluguel de lavadora de lou\u00e7a no ipiranga","aluguel de lavadora de lou\u00e7a perto de mim","aluguel de lavadora de lou\u00e7a pre\u00e7o","aluguel de lavadora de lou\u00e7a pr\u00f3ximo a mim","aluguel de lavadora de lou\u00e7a pr\u00f3ximo ao ipiranga","empresa de aluguel de lava-lou\u00e7a","empresa de aluguel de lava-lou\u00e7as","empresa de aluguel de lavadora de lou\u00e7a","empresa de loca\u00e7\u00e3o de lava-lou\u00e7a","empresa de loca\u00e7\u00e3o de lava-lou\u00e7as","empresa de loca\u00e7\u00e3o de lavadora de lou\u00e7a","loca\u00e7\u00e3o de lava-lou\u00e7a em promo\u00e7\u00e3o","loca\u00e7\u00e3o de lava-lou\u00e7a em s\u00e3o paulo","loca\u00e7\u00e3o de lava-lou\u00e7a em sp","loca\u00e7\u00e3o de lava-lou\u00e7a na vergueiro","loca\u00e7\u00e3o de lava-lou\u00e7a na vila dom pedro","loca\u00e7\u00e3o de lava-lou\u00e7a na zl","loca\u00e7\u00e3o de lava-lou\u00e7a na zona leste","loca\u00e7\u00e3o de lava-lou\u00e7a no ipiranga","loca\u00e7\u00e3o de lava-lou\u00e7a perto de mim","loca\u00e7\u00e3o de lava-lou\u00e7a pre\u00e7o","loca\u00e7\u00e3o de lava-lou\u00e7a pr\u00f3ximo a mim","loca\u00e7\u00e3o de lava-lou\u00e7a pr\u00f3ximo ao ipiranga","loca\u00e7\u00e3o de lava-lou\u00e7as em promo\u00e7\u00e3o","loca\u00e7\u00e3o de lava-lou\u00e7as em s\u00e3o paulo","loca\u00e7\u00e3o de lava-lou\u00e7as em sp","loca\u00e7\u00e3o de lava-lou\u00e7as na vergueiro","loca\u00e7\u00e3o de lava-lou\u00e7as na vila dom pedro","loca\u00e7\u00e3o de lava-lou\u00e7as na zl","loca\u00e7\u00e3o de lava-lou\u00e7as na zona leste","loca\u00e7\u00e3o de lava-lou\u00e7as no ipiranga","loca\u00e7\u00e3o de lava-lou\u00e7as perto de mim","loca\u00e7\u00e3o de lava-lou\u00e7as pre\u00e7o","loca\u00e7\u00e3o de lava-lou\u00e7as pr\u00f3ximo a mim","loca\u00e7\u00e3o de lava-lou\u00e7as pr\u00f3ximo ao ipiranga","loca\u00e7\u00e3o de lavadora de lou\u00e7a em promo\u00e7\u00e3o","loca\u00e7\u00e3o de lavadora de lou\u00e7a em s\u00e3o paulo","loca\u00e7\u00e3o de lavadora de lou\u00e7a em sp","loca\u00e7\u00e3o de lavadora de lou\u00e7a na vergueiro","loca\u00e7\u00e3o de lavadora de lou\u00e7a na vila dom pedro","loca\u00e7\u00e3o de lavadora de lou\u00e7a na zl","loca\u00e7\u00e3o de lavadora de lou\u00e7a na zona leste","loca\u00e7\u00e3o de lavadora de lou\u00e7a no ipiranga","loca\u00e7\u00e3o de lavadora de lou\u00e7a perto de mim","loca\u00e7\u00e3o de lavadora de lou\u00e7a pre\u00e7o","loca\u00e7\u00e3o de lavadora de lou\u00e7a pr\u00f3ximo a mim","loca\u00e7\u00e3o de lavadora de lou\u00e7a pr\u00f3ximo ao ipiranga","loja de aluguel de lava-lou\u00e7a","loja de aluguel de lava-lou\u00e7as","loja de aluguel de lavadora de lou\u00e7a","loja de loca\u00e7\u00e3o de lava-lou\u00e7a","loja de loca\u00e7\u00e3o de lava-lou\u00e7as","loja de loca\u00e7\u00e3o de lavadora de lou\u00e7a","onde encontrar aluguel de lava-lou\u00e7a","onde encontrar aluguel de lava-lou\u00e7as","onde encontrar aluguel de lavadora de lou\u00e7a","onde encontrar loca\u00e7\u00e3o de lava-lou\u00e7a","onde encontrar loca\u00e7\u00e3o de lava-lou\u00e7as","onde encontrar loca\u00e7\u00e3o de lavadora de lou\u00e7a"],"articleSection":["Loca\u00e7\u00e3o de lava-lou\u00e7as indutrial"],"inLanguage":"pt-BR","potentialAction":[{"@type":"CommentAction","name":"Comment","target":["https:\/\/www.newkitchens.com.br\/blog\/locacao-de-lava-loucas-indutrial\/aluguel-de-lava-loucas-em-sao-paulo\/#respond"]}]},{"@type":"WebPage","@id":"https:\/\/www.newkitchens.com.br\/blog\/locacao-de-lava-loucas-indutrial\/aluguel-de-lava-loucas-em-sao-paulo\/","url":"https:\/\/www.newkitchens.com.br\/blog\/locacao-de-lava-loucas-indutrial\/aluguel-de-lava-loucas-em-sao-paulo\/","name":"Aluguel de lava-lou\u00e7as em S\u00e3o Paulo - New Kitchens","isPartOf":{"@id":"https:\/\/www.newkitchens.com.br\/blog\/#website"},"datePublished":"2023-10-24T13:39:24+00:00","dateModified":"2023-10-24T13:39:42+00:00","description":"Descubra as vantagens do aluguel de lava-lou\u00e7as em S\u00e3o Paulo e como essa op\u00e7\u00e3o pode simplificar sua rotina na cidade.","breadcrumb":{"@id":"https:\/\/www.newkitchens.com.br\/blog\/locacao-de-lava-loucas-indutrial\/aluguel-de-lava-loucas-em-sao-paulo\/#breadcrumb"},"inLanguage":"pt-BR","potentialAction":[{"@type":"ReadAction","target":["https:\/\/www.newkitchens.com.br\/blog\/locacao-de-lava-loucas-indutrial\/aluguel-de-lava-loucas-em-sao-paulo\/"]}]},{"@type":"BreadcrumbList","@id":"https:\/\/www.newkitchens.com.br\/blog\/locacao-de-lava-loucas-indutrial\/aluguel-de-lava-loucas-em-sao-paulo\/#breadcrumb","itemListElement":[{"@type":"ListItem","position":1,"name":"In\u00edcio","item":"https:\/\/www.newkitchens.com.br\/blog\/"},{"@type":"ListItem","position":2,"name":"Aluguel de lava-lou\u00e7as em S\u00e3o Paulo"}]},{"@type":"WebSite","@id":"https:\/\/www.newkitchens.com.br\/blog\/#website","url":"https:\/\/www.newkitchens.com.br\/blog\/","name":"New Kitchens","description":"Blog New Kitchens","publisher":{"@id":"https:\/\/www.newkitchens.com.br\/blog\/#organization"},"potentialAction":[{"@type":"SearchAction","target":{"@type":"EntryPoint","urlTemplate":"https:\/\/www.newkitchens.com.br\/blog\/?s={search_term_string}"},"query-input":"required name=search_term_string"}],"inLanguage":"pt-BR"},{"@type":"Organization","@id":"https:\/\/www.newkitchens.com.br\/blog\/#organization","name":"New Kitchens","url":"https:\/\/www.newkitchens.com.br\/blog\/","logo":{"@type":"ImageObject","inLanguage":"pt-BR","@id":"https:\/\/www.newkitchens.com.br\/blog\/#\/schema\/logo\/image\/","url":"https:\/\/www.newkitchens.com.br\/blog\/wp-content\/uploads\/2023\/01\/logo3-removebg-preview.png","contentUrl":"https:\/\/www.newkitchens.com.br\/blog\/wp-content\/uploads\/2023\/01\/logo3-removebg-preview.png","width":261,"height":71,"caption":"New Kitchens"},"image":{"@id":"https:\/\/www.newkitchens.com.br\/blog\/#\/schema\/logo\/image\/"}},{"@type":"Person","@id":"https:\/\/www.newkitchens.com.br\/blog\/#\/schema\/person\/c07dd4a25e9dc1fd6c6feada18a91133","name":"admin","image":{"@type":"ImageObject","inLanguage":"pt-BR","@id":"https:\/\/www.newkitchens.com.br\/blog\/#\/schema\/person\/image\/","url":"https:\/\/secure.gravatar.com\/avatar\/3813f53848958b8842eeafda91666185a90010f65ed554379b78794cde6f234a?s=96&d=mm&r=g","contentUrl":"https:\/\/secure.gravatar.com\/avatar\/3813f53848958b8842eeafda91666185a90010f65ed554379b78794cde6f234a?s=96&d=mm&r=g","caption":"admin"},"sameAs":["https:\/\/www.newkitchens.com.br\/blog"],"url":"https:\/\/www.newkitchens.com.br\/blog\/author\/admin\/"}]}},"_links":{"self":[{"href":"https:\/\/www.newkitchens.com.br\/blog\/wp-json\/wp\/v2\/posts\/181","targetHints":{"allow":["GET"]}}],"collection":[{"href":"https:\/\/www.newkitchens.com.br\/blog\/wp-json\/wp\/v2\/posts"}],"about":[{"href":"https:\/\/www.newkitchens.com.br\/blog\/wp-json\/wp\/v2\/types\/post"}],"author":[{"embeddable":true,"href":"https:\/\/www.newkitchens.com.br\/blog\/wp-json\/wp\/v2\/users\/1"}],"replies":[{"embeddable":true,"href":"https:\/\/www.newkitchens.com.br\/blog\/wp-json\/wp\/v2\/comments?post=181"}],"version-history":[{"count":1,"href":"https:\/\/www.newkitchens.com.br\/blog\/wp-json\/wp\/v2\/posts\/181\/revisions"}],"predecessor-version":[{"id":186,"href":"https:\/\/www.newkitchens.com.br\/blog\/wp-json\/wp\/v2\/posts\/181\/revisions\/186"}],"wp:featuredmedia":[{"embeddable":true,"href":"https:\/\/www.newkitchens.com.br\/blog\/wp-json\/wp\/v2\/media\/185"}],"wp:attachment":[{"href":"https:\/\/www.newkitchens.com.br\/blog\/wp-json\/wp\/v2\/media?parent=181"}],"wp:term":[{"taxonomy":"category","embeddable":true,"href":"https:\/\/www.newkitchens.com.br\/blog\/wp-json\/wp\/v2\/categories?post=181"},{"taxonomy":"post_tag","embeddable":true,"href":"https:\/\/www.newkitchens.com.br\/blog\/wp-json\/wp\/v2\/tags?post=181"}],"curies":[{"name":"wp","href":"https:\/\/api.w.org\/{rel}","templated":true}]}}