{"id":75,"date":"2026-05-03T07:00:42","date_gmt":"2026-05-03T07:00:42","guid":{"rendered":"https:\/\/www.newkitchens.com.br\/blog\/?p=75"},"modified":"2026-05-03T10:00:42","modified_gmt":"2026-05-03T10:00:42","slug":"aluguel-de-fornos-combinados-em-sao-paulo-onde-encontrar","status":"publish","type":"post","link":"https:\/\/www.newkitchens.com.br\/blog\/locacao-de-equipamentos-para-cozinha\/aluguel-de-fornos-combinados-em-sao-paulo-onde-encontrar\/","title":{"rendered":"Aluguel de fornos combinados em S\u00e3o Paulo: onde encontrar?"},"content":{"rendered":"<span class=\"rt-reading-time\" style=\"display: block;\"><span class=\"rt-label rt-prefix\">Tempo de leitura:<\/span> <span class=\"rt-time\">4<\/span> <span class=\"rt-label rt-postfix\">minutos<\/span><\/span>\n<p class=\"has-medium-font-size wp-block-paragraph\"><strong><em>No conte\u00fado a seguir, descubra onde encontrar uma empresa especializada no aluguel de fornos combinados em S\u00e3o Paulo.<\/em><\/strong><\/p>\n\n\n\n<p class=\"wp-block-paragraph\">Considerado um dos equipamentos mais revolucion\u00e1rios para coc\u00e7\u00e3o do mercado, o forno combinado \u00e9 o sonho de consumo de todo chefe de cozinha.<\/p>\n\n\n\n<p class=\"wp-block-paragraph\">Com ele \u00e9 poss\u00edvel cozinhar alimentos em temperaturas mais baixas e obter melhores resultados, incluindo a reten\u00e7\u00e3o de mais nutrientes nos alimentos, permitindo menor encolhimento do mesmo.<\/p>\n\n\n\n<p class=\"wp-block-paragraph\">Embora ofere\u00e7a a t\u00e9cnica mais sofisticada e eficiente para o cozimento de alimentos, o forno combinado n\u00e3o \u00e9 um maquin\u00e1rio muito comum em cozinhas industriais, em raz\u00e3o do alto investimento necess\u00e1rio para a sua compra.<\/p>\n\n\n\n<p class=\"wp-block-paragraph\">Para contornar tal situa\u00e7\u00e3o, e proporcionar aos chefes de cozinha a possibilidade de preparar as suas receitas com o melhor forno do segmento, foi projetado o servi\u00e7o de aluguel desses equipamentos.<\/p>\n\n\n\n<p class=\"wp-block-paragraph\">Apesar de recente, o aluguel de fornos combinados em S\u00e3o Paulo vem conquistando cada vez mais novos clientes. Para conhecer mais sobre o servi\u00e7o, continue lendo o conte\u00fado a seguir.<\/p>\n\n\n<div class=\"wp-block-image is-style-default\">\n<figure class=\"aligncenter size-full is-resized\"><img loading=\"lazy\" decoding=\"async\" src=\"https:\/\/www.newkitchens.com.br\/blog\/wp-content\/uploads\/2023\/06\/06-1.jpg\" alt=\"Aluguel de fornos combinados em S\u00e3o Paulo: onde encontrar?\" class=\"wp-image-77\" width=\"424\" height=\"222\" srcset=\"https:\/\/www.newkitchens.com.br\/blog\/wp-content\/uploads\/2023\/06\/06-1.jpg 800w, https:\/\/www.newkitchens.com.br\/blog\/wp-content\/uploads\/2023\/06\/06-1-300x157.jpg 300w, https:\/\/www.newkitchens.com.br\/blog\/wp-content\/uploads\/2023\/06\/06-1-768x402.jpg 768w\" sizes=\"auto, (max-width: 424px) 100vw, 424px\" \/><\/figure>\n<\/div>\n\n\n<div id=\"ez-toc-container\" class=\"ez-toc-v2_0_62 counter-hierarchy ez-toc-counter ez-toc-white ez-toc-container-direction\">\n<div class=\"ez-toc-title-container\">\n<p class=\"ez-toc-title \" >LISTA DE T&Oacute;PICOS<\/p>\n<span class=\"ez-toc-title-toggle\"><a href=\"#\" class=\"ez-toc-pull-right ez-toc-btn ez-toc-btn-xs ez-toc-btn-default ez-toc-toggle\" aria-label=\"Toggle Table of Content\"><span class=\"ez-toc-js-icon-con\"><span class=\"\"><span class=\"eztoc-hide\" style=\"display:none;\">Toggle<\/span><span class=\"ez-toc-icon-toggle-span\"><svg style=\"fill: #999;color:#999\" xmlns=\"http:\/\/www.w3.org\/2000\/svg\" class=\"list-377408\" width=\"20px\" height=\"20px\" viewBox=\"0 0 24 24\" fill=\"none\"><path d=\"M6 6H4v2h2V6zm14 0H8v2h12V6zM4 11h2v2H4v-2zm16 0H8v2h12v-2zM4 16h2v2H4v-2zm16 0H8v2h12v-2z\" fill=\"currentColor\"><\/path><\/svg><svg style=\"fill: #999;color:#999\" class=\"arrow-unsorted-368013\" xmlns=\"http:\/\/www.w3.org\/2000\/svg\" width=\"10px\" height=\"10px\" viewBox=\"0 0 24 24\" version=\"1.2\" baseProfile=\"tiny\"><path d=\"M18.2 9.3l-6.2-6.3-6.2 6.3c-.2.2-.3.4-.3.7s.1.5.3.7c.2.2.4.3.7.3h11c.3 0 .5-.1.7-.3.2-.2.3-.5.3-.7s-.1-.5-.3-.7zM5.8 14.7l6.2 6.3 6.2-6.3c.2-.2.3-.5.3-.7s-.1-.5-.3-.7c-.2-.2-.4-.3-.7-.3h-11c-.3 0-.5.1-.7.3-.2.2-.3.5-.3.7s.1.5.3.7z\"\/><\/svg><\/span><\/span><\/span><\/a><\/span><\/div>\n<nav><ul class='ez-toc-list ez-toc-list-level-1 ' ><li class='ez-toc-page-1 ez-toc-heading-level-2'><a class=\"ez-toc-link ez-toc-heading-1\" href=\"https:\/\/www.newkitchens.com.br\/blog\/locacao-de-equipamentos-para-cozinha\/aluguel-de-fornos-combinados-em-sao-paulo-onde-encontrar\/#Forno_Combinado_o_que_e_Para_que_serve\" title=\"Forno Combinado: o que \u00e9? Para que serve?\">Forno Combinado: o que \u00e9? Para que serve?<\/a><\/li><li class='ez-toc-page-1 ez-toc-heading-level-2'><a class=\"ez-toc-link ez-toc-heading-2\" href=\"https:\/\/www.newkitchens.com.br\/blog\/locacao-de-equipamentos-para-cozinha\/aluguel-de-fornos-combinados-em-sao-paulo-onde-encontrar\/#Conheca_a_New_Kitchens_empresa_referencia_no_aluguel_de_fornos_combinados_em_Sao_Paulo\" title=\"Conhe\u00e7a a New Kitchens, empresa refer\u00eancia no aluguel de fornos combinados em S\u00e3o Paulo\">Conhe\u00e7a a New Kitchens, empresa refer\u00eancia no aluguel de fornos combinados em S\u00e3o Paulo<\/a><\/li><li class='ez-toc-page-1 ez-toc-heading-level-2'><a class=\"ez-toc-link ez-toc-heading-3\" href=\"https:\/\/www.newkitchens.com.br\/blog\/locacao-de-equipamentos-para-cozinha\/aluguel-de-fornos-combinados-em-sao-paulo-onde-encontrar\/#Entre_em_contato_com_a_New_Kitchens_e_solicite_o_seu_orcamento\" title=\"Entre em contato com a New Kitchens e solicite o seu or\u00e7amento!\">Entre em contato com a New Kitchens e solicite o seu or\u00e7amento!<\/a><\/li><\/ul><\/nav><\/div>\n<h2 class=\"wp-block-heading\"><span class=\"ez-toc-section\" id=\"Forno_Combinado_o_que_e_Para_que_serve\"><\/span>Forno Combinado: o que \u00e9? Para que serve?<span class=\"ez-toc-section-end\"><\/span><\/h2>\n\n\n\n<p class=\"wp-block-paragraph\">O forno combinado recebeu tal nome por ser capaz de realizar uma s\u00e9rie de fun\u00e7\u00f5es culin\u00e1rias, como assar, gratinar, grelhar, cozinhar a vapor, fritar, aquecer, entre outras atividades.<\/p>\n\n\n\n<p class=\"wp-block-paragraph\">Dentre as vantagens de utiliz\u00e1-lo est\u00e1 a possibilidade de misturar diferentes alimentos para cozinhar, como um bolo e um peixe. Sem que percam as suas caracter\u00edsticas originais, ressequem ou peguem odores de outros alimentos.<\/p>\n\n\n\n<h2 class=\"wp-block-heading\"><span class=\"ez-toc-section\" id=\"Conheca_a_New_Kitchens_empresa_referencia_no_aluguel_de_fornos_combinados_em_Sao_Paulo\"><\/span>Conhe\u00e7a a <strong>New Kitchens<\/strong>, empresa refer\u00eancia no aluguel de fornos combinados em S\u00e3o Paulo<span class=\"ez-toc-section-end\"><\/span><\/h2>\n\n\n\n<p class=\"wp-block-paragraph\">Em todo o Brasil, o aluguel de equipamentos para cozinhas industriais tornou-se um servi\u00e7o comum, principalmente entre clientes produtores de eventos que necessitam dos maquin\u00e1rios para a produ\u00e7\u00e3o de refei\u00e7\u00f5es em grande escala.<\/p>\n\n\n\n<p class=\"wp-block-paragraph\">Outro grande p\u00fablico que opta pelo aluguel de fornos combinados em S\u00e3o Paulo s\u00e3o estabelecimentos rec\u00e9m inaugurados que desejam ter um per\u00edodo de \u201cteste\u201d antes de realmente adquirir os maquin\u00e1rios.<\/p>\n\n\n\n<p class=\"wp-block-paragraph\">Independentemente de qual motivo levou \u00e0 procura pelo aluguel de fornos combinados em S\u00e3o Paulo, \u00e9 importante estar atento \u00e0 proced\u00eancia dos equipamentos e quais s\u00e3o as suas aplica\u00e7\u00f5es no ambiente culin\u00e1rio.<\/p>\n\n\n\n<p class=\"wp-block-paragraph\">Para evitar qualquer problema com a loca\u00e7\u00e3o dos seus equipamentos para cozinha industrial, procure por uma empresa especializada no segmento, como a <a href=\"https:\/\/www.newkitchens.com.br\/\">New Kitchens.<\/a><\/p>\n\n\n\n<p class=\"wp-block-paragraph\">No mercado h\u00e1 muitos anos, a <a href=\"https:\/\/www.newkitchens.com.br\/\">New Kitchens<\/a> tem o objetivo de oferecer um novo conceito de cozinhas industriais pelo pa\u00eds, de modo que possa atender precisamente \u00e0s necessidades dos seus clientes.<\/p>\n\n\n\n<h2 class=\"wp-block-heading\"><span class=\"ez-toc-section\" id=\"Entre_em_contato_com_a_New_Kitchens_e_solicite_o_seu_orcamento\"><\/span>Entre em contato com a <strong>New Kitchens<\/strong> e solicite o seu or\u00e7amento!<span class=\"ez-toc-section-end\"><\/span><\/h2>\n\n\n<div class=\"wp-block-image is-style-rounded\">\n<figure class=\"alignright size-full is-resized\"><img loading=\"lazy\" decoding=\"async\" src=\"https:\/\/www.newkitchens.com.br\/blog\/wp-content\/uploads\/2023\/06\/forno-combinado-baressp-3-min-1.jpg\" alt=\"Aluguel de fornos combinados em S\u00e3o Paulo: onde encontrar?\" class=\"wp-image-76\" width=\"387\" height=\"204\" srcset=\"https:\/\/www.newkitchens.com.br\/blog\/wp-content\/uploads\/2023\/06\/forno-combinado-baressp-3-min-1.jpg 570w, https:\/\/www.newkitchens.com.br\/blog\/wp-content\/uploads\/2023\/06\/forno-combinado-baressp-3-min-1-300x158.jpg 300w\" sizes=\"auto, (max-width: 387px) 100vw, 387px\" \/><\/figure>\n<\/div>\n\n\n<p class=\"wp-block-paragraph\">A <a href=\"https:\/\/www.newkitchens.com.br\/\">New Kitchens<\/a> tem tudo o que voc\u00ea precisa para seu evento ou para a substitui\u00e7\u00e3o de algum equipamento. <a href=\"https:\/\/api.whatsapp.com\/send?phone=5511911166270\">Entre em contato agora mesmo<\/a> e <strong>solicite o seu or\u00e7amento!<\/strong><\/p>\n\n\n\n<p class=\"wp-block-paragraph\">Agora que voc\u00ea j\u00e1 sabe onde encontrar uma empresa que oferece o aluguel de fornos combinados em S\u00e3o Paulo, chegou o momento de voc\u00ea conferir outros conte\u00fados em destaque no <a href=\"https:\/\/www.newkitchens.com.br\/blog\/\">blog da New Kitchens<\/a>:<\/p>\n\n\n\n<ul class=\"wp-block-list\">\n<li><a href=\"https:\/\/www.newkitchens.com.br\/blog\/locacao-de-equipamentos-para-cozinha\/vantagens-da-locacao-de-equipamentos-para-cozinha-industrial\/\">Vantagens da loca\u00e7\u00e3o de equipamentos para cozinha industrial<\/a><\/li>\n\n\n\n<li><a href=\"https:\/\/www.newkitchens.com.br\/blog\/locacao-de-equipamentos-para-cozinha\/locacao-de-equipamentos-de-refrigeracao-em-sao-paulo-qual-a-melhor-empresa-da-regiao\/\">Loca\u00e7\u00e3o de equipamentos de refrigera\u00e7\u00e3o em S\u00e3o Paulo: qual a mel<\/a><a href=\"https:\/\/www.newkitchens.com.br\/blog\/locacao-de-equipamentos-para-cozinha\/locacao-de-equipamentos-de-refrigeracao-em-sao-paulo-qual-a-melhor-empresa-da-regiao\/\" rel=\"nofollow\">h<\/a><a href=\"https:\/\/www.newkitchens.com.br\/orcamento\">https:\/\/www.newkitchens.com.br\/orcamento<\/a><a href=\"https:\/\/www.newkitchens.com.br\/blog\/locacao-de-equipamentos-para-cozinha\/locacao-de-equipamentos-de-refrigeracao-em-sao-paulo-qual-a-melhor-empresa-da-regiao\/\">or empresa da regi\u00e3o?<\/a><\/li>\n\n\n\n<li><a href=\"https:\/\/www.newkitchens.com.br\/blog\/venda-de-cozinhas-industriais\/cozinhas-industriais-em-sao-paulo-onde-adquirir-equipamentos-de-boa-qualidade\/\">Cozinhas industriais em S\u00e3o Paulo: onde adquirir equipamentos de boa qualidade?<\/a><\/li>\n<\/ul>\n\n\n\n<p class=\"wp-block-paragraph\">Em caso de d\u00favidas, conte com ajuda dos maiores especialistas do segmento, os t\u00e9cnicos da <a href=\"https:\/\/www.newkitchens.com.br\/index.php\">New Kitchens<\/a>, para esclarec\u00ea-las.<\/p>\n\n\n<div class=\"wp-block-image\">\n<figure class=\"aligncenter size-large is-resized\"><a href=\"https:\/\/www.newkitchens.com.br\/orcamento\"><img loading=\"lazy\" decoding=\"async\" src=\"https:\/\/www.newkitchens.com.br\/blog\/wp-content\/uploads\/2023\/06\/fACA-UMA-COTACAO-1024x577.jpg\" alt=\"CTA\" class=\"wp-image-80\" width=\"512\" height=\"289\" srcset=\"https:\/\/www.newkitchens.com.br\/blog\/wp-content\/uploads\/2023\/06\/fACA-UMA-COTACAO-1024x577.jpg 1024w, https:\/\/www.newkitchens.com.br\/blog\/wp-content\/uploads\/2023\/06\/fACA-UMA-COTACAO-300x169.jpg 300w, https:\/\/www.newkitchens.com.br\/blog\/wp-content\/uploads\/2023\/06\/fACA-UMA-COTACAO-768x433.jpg 768w, https:\/\/www.newkitchens.com.br\/blog\/wp-content\/uploads\/2023\/06\/fACA-UMA-COTACAO-1536x865.jpg 1536w, https:\/\/www.newkitchens.com.br\/blog\/wp-content\/uploads\/2023\/06\/fACA-UMA-COTACAO.jpg 1640w\" sizes=\"auto, (max-width: 512px) 100vw, 512px\" \/><\/a><\/figure>\n<\/div>","protected":false},"excerpt":{"rendered":"<p><span class=\"rt-reading-time\" style=\"display: block;\"><span class=\"rt-label rt-prefix\">Tempo de leitura:<\/span> <span class=\"rt-time\">4<\/span> <span class=\"rt-label rt-postfix\">minutos<\/span><\/span> No conte\u00fado a seguir, descubra onde encontrar uma empresa especializada no aluguel de fornos combinados em S\u00e3o Paulo. Considerado um dos equipamentos mais revolucion\u00e1rios para coc\u00e7\u00e3o do mercado, o forno combinado \u00e9 o sonho de consumo de todo chefe de&#8230;<\/p>\n","protected":false},"author":1,"featured_media":78,"comment_status":"open","ping_status":"open","sticky":false,"template":"","format":"standard","meta":{"footnotes":""},"categories":[877,4],"tags":[1116,1101,1056,1041,1071,1086,1026,1115,1100,1055,1040,1070,1085,1025,1130,891,890,902,898,900,903,893,892,894,904,901,895,899,896,897,966,965,977,973,975,978,968,967,969,979,976,970,974,971,972,981,980,992,988,990,993,983,982,984,994,991,985,989,986,987,906,905,917,913,915,918,908,907,909,919,916,910,914,911,912,1127,1112,1067,1052,1082,1097,1037,921,920,932,928,930,933,923,922,924,934,931,925,929,926,927,936,935,947,943,945,948,938,937,939,949,946,940,944,941,942,951,950,962,958,960,963,953,952,954,964,961,955,959,956,957,1123,1108,1063,1048,1078,1093,1125,1110,1065,1050,1080,1095,1035,1033,1128,1113,1068,1053,1083,1098,1038,1118,1103,1058,1043,1073,1088,1028,1117,1102,1057,1042,1072,1087,1027,1119,1104,1059,1044,1074,1089,1029,1129,1114,1069,1054,1084,1099,1039,1126,1111,1066,1051,1081,1096,1036,1120,1105,1060,1045,1075,1090,1030,1121,1106,1061,1046,1076,1091,1031,1124,1109,1064,1049,1122,1107,1062,1047,1077,1092,1032,1079,1094,1034,1011,1010,1022,1018,1020,1023,1013,1012,1014,1024,1021,1015,1019,1016,1017,887,883,885,888,878,879,889,886,880,884,881,882,996,995,1007,1003,1005,1008,998,997,999,1009,1006,1000,1004,1001,1002],"class_list":["post-75","post","type-post","status-publish","format-standard","has-post-thumbnail","hentry","category-aluguel-de-fornos-combinados","category-locacao-de-equipamentos-para-cozinha","tag-aluguel-de-forno-combinado-direto-da-fabrica","tag-aluguel-de-forno-combinado-em-promocao","tag-aluguel-de-forno-combinado-em-sao-paulo","tag-aluguel-de-forno-combinado-em-sp","tag-aluguel-de-forno-combinado-na-zona-sul","tag-aluguel-de-forno-combinado-no-cursino","tag-aluguel-de-forno-combinado-preco","tag-aluguel-de-fornos-combinados-direto-da-fabrica","tag-aluguel-de-fornos-combinados-em-promocao","tag-aluguel-de-fornos-combinados-em-sao-paulo","tag-aluguel-de-fornos-combinados-em-sp","tag-aluguel-de-fornos-combinados-na-zona-sul","tag-aluguel-de-fornos-combinados-no-cursino","tag-aluguel-de-fornos-combinados-preco","tag-aluguel-fornos-combinados-em-sao-paulo","tag-comprar-aluguel-de-forno-combinado","tag-comprar-aluguel-de-fornos-combinados","tag-comprar-equipamentos-de-cozinha-industrial","tag-comprar-forno-combinado","tag-comprar-forno-combinado-para-cozinha-industrial","tag-comprar-forno-industrial","tag-comprar-fornos-a-vapor","tag-comprar-fornos-combinados","tag-comprar-fornos-de-cozimento-a-vapor","tag-comprar-fornos-industriais","tag-comprar-locacao-de-equipamentos-de-cozinha-industrial","tag-comprar-locacao-de-forno-combinado","tag-comprar-locacao-de-fornos","tag-comprar-locacao-de-fornos-combinados","tag-comprar-locacao-de-fornos-industriais","tag-distribuidor-de-aluguel-de-forno-combinado","tag-distribuidor-de-aluguel-de-fornos-combinados","tag-distribuidor-de-equipamentos-de-cozinha-industrial","tag-distribuidor-de-forno-combinado","tag-distribuidor-de-forno-combinado-para-cozinha-industrial","tag-distribuidor-de-forno-industrial","tag-distribuidor-de-fornos-a-vapor","tag-distribuidor-de-fornos-combinados","tag-distribuidor-de-fornos-de-cozimento-a-vapor","tag-distribuidor-de-fornos-industriais","tag-distribuidor-de-locacao-de-equipamentos-de-cozinha-industrial","tag-distribuidor-de-locacao-de-forno-combinado","tag-distribuidor-de-locacao-de-fornos","tag-distribuidor-de-locacao-de-fornos-combinados","tag-distribuidor-de-locacao-de-fornos-industriais","tag-distribuidora-de-aluguel-de-forno-combinado","tag-distribuidora-de-aluguel-de-fornos-combinados","tag-distribuidora-de-equipamentos-de-cozinha-industrial","tag-distribuidora-de-forno-combinado","tag-distribuidora-de-forno-combinado-para-cozinha-industrial","tag-distribuidora-de-forno-industrial","tag-distribuidora-de-fornos-a-vapor","tag-distribuidora-de-fornos-combinados","tag-distribuidora-de-fornos-de-cozimento-a-vapor","tag-distribuidora-de-fornos-industriais","tag-distribuidora-de-locacao-de-equipamentos-de-cozinha-industrial","tag-distribuidora-de-locacao-de-forno-combinado","tag-distribuidora-de-locacao-de-fornos","tag-distribuidora-de-locacao-de-fornos-combinados","tag-distribuidora-de-locacao-de-fornos-industriais","tag-empresa-de-aluguel-de-forno-combinado","tag-empresa-de-aluguel-de-fornos-combinados","tag-empresa-de-equipamentos-de-cozinha-industrial","tag-empresa-de-forno-combinado","tag-empresa-de-forno-combinado-para-cozinha-industrial","tag-empresa-de-forno-industrial","tag-empresa-de-fornos-a-vapor","tag-empresa-de-fornos-combinados","tag-empresa-de-fornos-de-cozimento-a-vapor","tag-empresa-de-fornos-industriais","tag-empresa-de-locacao-de-equipamentos-de-cozinha-industrial","tag-empresa-de-locacao-de-forno-combinado","tag-empresa-de-locacao-de-fornos","tag-empresa-de-locacao-de-fornos-combinados","tag-empresa-de-locacao-de-fornos-industriais","tag-equipamentos-de-cozinha-industrial-direto-da-fabrica","tag-equipamentos-de-cozinha-industrial-em-promocao","tag-equipamentos-de-cozinha-industrial-em-sao-paulo","tag-equipamentos-de-cozinha-industrial-em-sp","tag-equipamentos-de-cozinha-industrial-na-zona-sul","tag-equipamentos-de-cozinha-industrial-no-cursino","tag-equipamentos-de-cozinha-industrial-preco","tag-fabrica-de-aluguel-de-forno-combinado","tag-fabrica-de-aluguel-de-fornos-combinados","tag-fabrica-de-equipamentos-de-cozinha-industrial","tag-fabrica-de-forno-combinado","tag-fabrica-de-forno-combinado-para-cozinha-industrial","tag-fabrica-de-forno-industrial","tag-fabrica-de-fornos-a-vapor","tag-fabrica-de-fornos-combinados","tag-fabrica-de-fornos-de-cozimento-a-vapor","tag-fabrica-de-fornos-industriais","tag-fabrica-de-locacao-de-equipamentos-de-cozinha-industrial","tag-fabrica-de-locacao-de-forno-combinado","tag-fabrica-de-locacao-de-fornos","tag-fabrica-de-locacao-de-fornos-combinados","tag-fabrica-de-locacao-de-fornos-industriais","tag-fabricante-de-aluguel-de-forno-combinado","tag-fabricante-de-aluguel-de-fornos-combinados","tag-fabricante-de-equipamentos-de-cozinha-industrial","tag-fabricante-de-forno-combinado","tag-fabricante-de-forno-combinado-para-cozinha-industrial","tag-fabricante-de-forno-industrial","tag-fabricante-de-fornos-a-vapor","tag-fabricante-de-fornos-combinados","tag-fabricante-de-fornos-de-cozimento-a-vapor","tag-fabricante-de-fornos-industriais","tag-fabricante-de-locacao-de-equipamentos-de-cozinha-industrial","tag-fabricante-de-locacao-de-forno-combinado","tag-fabricante-de-locacao-de-fornos","tag-fabricante-de-locacao-de-fornos-combinados","tag-fabricante-de-locacao-de-fornos-industriais","tag-fornecedor-de-aluguel-de-forno-combinado","tag-fornecedor-de-aluguel-de-fornos-combinados","tag-fornecedor-de-equipamentos-de-cozinha-industrial","tag-fornecedor-de-forno-combinado","tag-fornecedor-de-forno-combinado-para-cozinha-industrial","tag-fornecedor-de-forno-industrial","tag-fornecedor-de-fornos-a-vapor","tag-fornecedor-de-fornos-combinados","tag-fornecedor-de-fornos-de-cozimento-a-vapor","tag-fornecedor-de-fornos-industriais","tag-fornecedor-de-locacao-de-equipamentos-de-cozinha-industrial","tag-fornecedor-de-locacao-de-forno-combinado","tag-fornecedor-de-locacao-de-fornos","tag-fornecedor-de-locacao-de-fornos-combinados","tag-fornecedor-de-locacao-de-fornos-industriais","tag-forno-combinado-direto-da-fabrica","tag-forno-combinado-em-promocao","tag-forno-combinado-em-sao-paulo","tag-forno-combinado-em-sp","tag-forno-combinado-na-zona-sul","tag-forno-combinado-no-cursino","tag-forno-combinado-para-cozinha-industrial-direto-da-fabrica","tag-forno-combinado-para-cozinha-industrial-em-promocao","tag-forno-combinado-para-cozinha-industrial-em-sao-paulo","tag-forno-combinado-para-cozinha-industrial-em-sp","tag-forno-combinado-para-cozinha-industrial-na-zona-sul","tag-forno-combinado-para-cozinha-industrial-no-cursino","tag-forno-combinado-para-cozinha-industrial-preco","tag-forno-combinado-preco","tag-forno-industrial-direto-da-fabrica","tag-forno-industrial-em-promocao","tag-forno-industrial-em-sao-paulo","tag-forno-industrial-em-sp","tag-forno-industrial-na-zona-sul","tag-forno-industrial-no-cursino","tag-forno-industrial-preco","tag-fornos-a-vapor-direto-da-fabrica","tag-fornos-a-vapor-em-promocao","tag-fornos-a-vapor-em-sao-paulo","tag-fornos-a-vapor-em-sp","tag-fornos-a-vapor-na-zona-sul","tag-fornos-a-vapor-no-cursino","tag-fornos-a-vapor-preco","tag-fornos-combinados-direto-da-fabrica","tag-fornos-combinados-em-promocao","tag-fornos-combinados-em-sao-paulo","tag-fornos-combinados-em-sp","tag-fornos-combinados-na-zona-sul","tag-fornos-combinados-no-cursino","tag-fornos-combinados-preco","tag-fornos-de-cozimento-a-vapor-direto-da-fabrica","tag-fornos-de-cozimento-a-vapor-em-promocao","tag-fornos-de-cozimento-a-vapor-em-sao-paulo","tag-fornos-de-cozimento-a-vapor-em-sp","tag-fornos-de-cozimento-a-vapor-na-zona-sul","tag-fornos-de-cozimento-a-vapor-no-cursino","tag-fornos-de-cozimento-a-vapor-preco","tag-fornos-industriais-direto-da-fabrica","tag-fornos-industriais-em-promocao","tag-fornos-industriais-em-sao-paulo","tag-fornos-industriais-em-sp","tag-fornos-industriais-na-zona-sul","tag-fornos-industriais-no-cursino","tag-fornos-industriais-preco","tag-locacao-de-equipamentos-de-cozinha-industrial-direto-da-fabrica","tag-locacao-de-equipamentos-de-cozinha-industrial-em-promocao","tag-locacao-de-equipamentos-de-cozinha-industrial-em-sao-paulo","tag-locacao-de-equipamentos-de-cozinha-industrial-em-sp","tag-locacao-de-equipamentos-de-cozinha-industrial-na-zona-sul","tag-locacao-de-equipamentos-de-cozinha-industrial-no-cursino","tag-locacao-de-equipamentos-de-cozinha-industrial-preco","tag-locacao-de-forno-combinado-direto-da-fabrica","tag-locacao-de-forno-combinado-em-promocao","tag-locacao-de-forno-combinado-em-sao-paulo","tag-locacao-de-forno-combinado-em-sp","tag-locacao-de-forno-combinado-na-zona-sul","tag-locacao-de-forno-combinado-no-cursino","tag-locacao-de-forno-combinado-preco","tag-locacao-de-fornos-combinados-direto-da-fabrica","tag-locacao-de-fornos-combinados-em-promocao","tag-locacao-de-fornos-combinados-em-sao-paulo","tag-locacao-de-fornos-combinados-em-sp","tag-locacao-de-fornos-combinados-na-zona-sul","tag-locacao-de-fornos-combinados-no-cursino","tag-locacao-de-fornos-combinados-preco","tag-locacao-de-fornos-direto-da-fabrica","tag-locacao-de-fornos-em-promocao","tag-locacao-de-fornos-em-sao-paulo","tag-locacao-de-fornos-em-sp","tag-locacao-de-fornos-industriais-direto-da-fabrica","tag-locacao-de-fornos-industriais-em-promocao","tag-locacao-de-fornos-industriais-em-sao-paulo","tag-locacao-de-fornos-industriais-em-sp","tag-locacao-de-fornos-industriais-na-zona-sul","tag-locacao-de-fornos-industriais-no-cursino","tag-locacao-de-fornos-industriais-preco","tag-locacao-de-fornos-na-zona-sul","tag-locacao-de-fornos-no-cursino","tag-locacao-de-fornos-preco","tag-loja-de-aluguel-de-forno-combinado","tag-loja-de-aluguel-de-fornos-combinados","tag-loja-de-equipamentos-de-cozinha-industrial","tag-loja-de-forno-combinado","tag-loja-de-forno-combinado-para-cozinha-industrial","tag-loja-de-forno-industrial","tag-loja-de-fornos-a-vapor","tag-loja-de-fornos-combinados","tag-loja-de-fornos-de-cozimento-a-vapor","tag-loja-de-fornos-industriais","tag-loja-de-locacao-de-equipamentos-de-cozinha-industrial","tag-loja-de-locacao-de-forno-combinado","tag-loja-de-locacao-de-fornos","tag-loja-de-locacao-de-fornos-combinados","tag-loja-de-locacao-de-fornos-industriais","tag-onde-encontrar-equipamentos-de-cozinha-industrial","tag-onde-encontrar-forno-combinado","tag-onde-encontrar-forno-combinado-para-cozinha-industrial","tag-onde-encontrar-forno-industrial","tag-onde-encontrar-fornos-a-vapor","tag-onde-encontrar-fornos-de-cozimento-a-vapor","tag-onde-encontrar-fornos-industriais","tag-onde-encontrar-locacao-de-equipamentos-de-cozinha-industrial","tag-onde-encontrar-locacao-de-forno-combinado","tag-onde-encontrar-locacao-de-fornos","tag-onde-encontrar-locacao-de-fornos-combinados","tag-onde-encontrar-locacao-de-fornos-industriais","tag-revendedor-de-aluguel-de-forno-combinado","tag-revendedor-de-aluguel-de-fornos-combinados","tag-revendedor-de-equipamentos-de-cozinha-industrial","tag-revendedor-de-forno-combinado","tag-revendedor-de-forno-combinado-para-cozinha-industrial","tag-revendedor-de-forno-industrial","tag-revendedor-de-fornos-a-vapor","tag-revendedor-de-fornos-combinados","tag-revendedor-de-fornos-de-cozimento-a-vapor","tag-revendedor-de-fornos-industriais","tag-revendedor-de-locacao-de-equipamentos-de-cozinha-industrial","tag-revendedor-de-locacao-de-forno-combinado","tag-revendedor-de-locacao-de-fornos","tag-revendedor-de-locacao-de-fornos-combinados","tag-revendedor-de-locacao-de-fornos-industriais"],"yoast_head":"<!-- This site is optimized with the Yoast SEO plugin v20.1 - https:\/\/yoast.com\/wordpress\/plugins\/seo\/ -->\n<title>Aluguel de fornos combinados em S\u00e3o Paulo: onde encontrar? - New Kitchens<\/title>\n<meta name=\"description\" content=\"No conte\u00fado a seguir, descubra onde encontrar uma empresa especializada no aluguel de fornos combinados em S\u00e3o Paulo.\" \/>\n<meta name=\"robots\" content=\"index, follow, max-snippet:-1, max-image-preview:large, max-video-preview:-1\" \/>\n<link rel=\"canonical\" href=\"https:\/\/www.newkitchens.com.br\/blog\/locacao-de-equipamentos-para-cozinha\/aluguel-de-fornos-combinados-em-sao-paulo-onde-encontrar\/\" \/>\n<meta property=\"og:locale\" content=\"pt_BR\" \/>\n<meta property=\"og:type\" content=\"article\" \/>\n<meta property=\"og:title\" content=\"Aluguel de fornos combinados em S\u00e3o Paulo: onde encontrar? - New Kitchens\" \/>\n<meta property=\"og:description\" content=\"No conte\u00fado a seguir, descubra onde encontrar uma empresa especializada no aluguel de fornos combinados em S\u00e3o Paulo.\" \/>\n<meta property=\"og:url\" content=\"https:\/\/www.newkitchens.com.br\/blog\/locacao-de-equipamentos-para-cozinha\/aluguel-de-fornos-combinados-em-sao-paulo-onde-encontrar\/\" \/>\n<meta property=\"og:site_name\" content=\"New Kitchens\" \/>\n<meta property=\"article:published_time\" content=\"2026-05-03T07:00:42+00:00\" \/>\n<meta property=\"article:modified_time\" content=\"2026-05-03T10:00:42+00:00\" \/>\n<meta property=\"og:image\" content=\"https:\/\/www.newkitchens.com.br\/blog\/wp-content\/uploads\/2023\/06\/FornoRational-600x300-1.jpg\" \/>\n\t<meta property=\"og:image:width\" content=\"600\" \/>\n\t<meta property=\"og:image:height\" content=\"300\" \/>\n\t<meta property=\"og:image:type\" content=\"image\/jpeg\" \/>\n<meta name=\"author\" content=\"admin\" \/>\n<meta name=\"twitter:card\" content=\"summary_large_image\" \/>\n<meta name=\"twitter:label1\" content=\"Escrito por\" \/>\n\t<meta name=\"twitter:data1\" content=\"admin\" \/>\n\t<meta name=\"twitter:label2\" content=\"Est. tempo de leitura\" \/>\n\t<meta name=\"twitter:data2\" content=\"4 minutos\" \/>\n<script type=\"application\/ld+json\" class=\"yoast-schema-graph\">{\"@context\":\"https:\/\/schema.org\",\"@graph\":[{\"@type\":\"Article\",\"@id\":\"https:\/\/www.newkitchens.com.br\/blog\/locacao-de-equipamentos-para-cozinha\/aluguel-de-fornos-combinados-em-sao-paulo-onde-encontrar\/#article\",\"isPartOf\":{\"@id\":\"https:\/\/www.newkitchens.com.br\/blog\/locacao-de-equipamentos-para-cozinha\/aluguel-de-fornos-combinados-em-sao-paulo-onde-encontrar\/\"},\"author\":{\"name\":\"admin\",\"@id\":\"https:\/\/www.newkitchens.com.br\/blog\/#\/schema\/person\/c07dd4a25e9dc1fd6c6feada18a91133\"},\"headline\":\"Aluguel de fornos combinados em S\u00e3o Paulo: onde encontrar?\",\"datePublished\":\"2026-05-03T07:00:42+00:00\",\"dateModified\":\"2026-05-03T10:00:42+00:00\",\"mainEntityOfPage\":{\"@id\":\"https:\/\/www.newkitchens.com.br\/blog\/locacao-de-equipamentos-para-cozinha\/aluguel-de-fornos-combinados-em-sao-paulo-onde-encontrar\/\"},\"wordCount\":593,\"commentCount\":0,\"publisher\":{\"@id\":\"https:\/\/www.newkitchens.com.br\/blog\/#organization\"},\"keywords\":[\"Aluguel de forno combinado direto da fabrica\",\"Aluguel de forno combinado em promo\u00e7\u00e3o\",\"Aluguel de forno combinado em s\u00e3o paulo\",\"Aluguel de forno combinado em sp\",\"Aluguel de forno combinado na Zona Sul\",\"Aluguel de forno combinado no Cursino\",\"Aluguel de forno combinado pre\u00e7o\",\"Aluguel de fornos combinados direto da fabrica\",\"Aluguel de fornos combinados em promo\u00e7\u00e3o\",\"Aluguel de fornos combinados em s\u00e3o paulo\",\"Aluguel de fornos combinados em sp\",\"Aluguel de fornos combinados na Zona Sul\",\"Aluguel de fornos combinados no Cursino\",\"Aluguel de fornos combinados pre\u00e7o\",\"Aluguel fornos combinados em S\u00e3o Paulo\",\"comprar Aluguel de forno combinado\",\"comprar Aluguel de fornos combinados\",\"comprar Equipamentos de cozinha industrial\",\"comprar Forno combinado\",\"comprar Forno combinado para cozinha industrial\",\"comprar Forno industrial\",\"comprar Fornos a vapor\",\"comprar Fornos combinados\",\"comprar Fornos de cozimento a vapor\",\"comprar Fornos industriais\",\"comprar Loca\u00e7\u00e3o de equipamentos de cozinha industrial\",\"comprar Loca\u00e7\u00e3o de forno combinado\",\"comprar Loca\u00e7\u00e3o de fornos\",\"comprar Loca\u00e7\u00e3o de fornos combinados\",\"comprar Loca\u00e7\u00e3o de fornos industriais\",\"distribuidor de Aluguel de forno combinado\",\"distribuidor de Aluguel de fornos combinados\",\"distribuidor de Equipamentos de cozinha industrial\",\"distribuidor de Forno combinado\",\"distribuidor de Forno combinado para cozinha industrial\",\"distribuidor de Forno industrial\",\"distribuidor de Fornos a vapor\",\"distribuidor de Fornos combinados\",\"distribuidor de Fornos de cozimento a vapor\",\"distribuidor de Fornos industriais\",\"distribuidor de Loca\u00e7\u00e3o de equipamentos de cozinha industrial\",\"distribuidor de Loca\u00e7\u00e3o de forno combinado\",\"distribuidor de Loca\u00e7\u00e3o de fornos\",\"distribuidor de Loca\u00e7\u00e3o de fornos combinados\",\"distribuidor de Loca\u00e7\u00e3o de fornos industriais\",\"distribuidora de Aluguel de forno combinado\",\"distribuidora de Aluguel de fornos combinados\",\"distribuidora de Equipamentos de cozinha industrial\",\"distribuidora de Forno combinado\",\"distribuidora de Forno combinado para cozinha industrial\",\"distribuidora de Forno industrial\",\"distribuidora de Fornos a vapor\",\"distribuidora de Fornos combinados\",\"distribuidora de Fornos de cozimento a vapor\",\"distribuidora de Fornos industriais\",\"distribuidora de Loca\u00e7\u00e3o de equipamentos de cozinha industrial\",\"distribuidora de Loca\u00e7\u00e3o de forno combinado\",\"distribuidora de Loca\u00e7\u00e3o de fornos\",\"distribuidora de Loca\u00e7\u00e3o de fornos combinados\",\"distribuidora de Loca\u00e7\u00e3o de fornos industriais\",\"empresa de Aluguel de forno combinado\",\"empresa de Aluguel de fornos combinados\",\"empresa de Equipamentos de cozinha industrial\",\"empresa de Forno combinado\",\"empresa de Forno combinado para cozinha industrial\",\"empresa de Forno industrial\",\"empresa de Fornos a vapor\",\"empresa de Fornos combinados\",\"empresa de Fornos de cozimento a vapor\",\"empresa de Fornos industriais\",\"empresa de Loca\u00e7\u00e3o de equipamentos de cozinha industrial\",\"empresa de Loca\u00e7\u00e3o de forno combinado\",\"empresa de Loca\u00e7\u00e3o de fornos\",\"empresa de Loca\u00e7\u00e3o de fornos combinados\",\"empresa de Loca\u00e7\u00e3o de fornos industriais\",\"Equipamentos de cozinha industrial direto da fabrica\",\"Equipamentos de cozinha industrial em promo\u00e7\u00e3o\",\"Equipamentos de cozinha industrial em s\u00e3o paulo\",\"Equipamentos de cozinha industrial em sp\",\"Equipamentos de cozinha industrial na Zona Sul\",\"Equipamentos de cozinha industrial no Cursino\",\"Equipamentos de cozinha industrial pre\u00e7o\",\"f\u00e1brica de Aluguel de forno combinado\",\"f\u00e1brica de Aluguel de fornos combinados\",\"f\u00e1brica de Equipamentos de cozinha industrial\",\"f\u00e1brica de Forno combinado\",\"f\u00e1brica de Forno combinado para cozinha industrial\",\"f\u00e1brica de Forno industrial\",\"f\u00e1brica de Fornos a vapor\",\"f\u00e1brica de Fornos combinados\",\"f\u00e1brica de Fornos de cozimento a vapor\",\"f\u00e1brica de Fornos industriais\",\"f\u00e1brica de Loca\u00e7\u00e3o de equipamentos de cozinha industrial\",\"f\u00e1brica de Loca\u00e7\u00e3o de forno combinado\",\"f\u00e1brica de Loca\u00e7\u00e3o de fornos\",\"f\u00e1brica de Loca\u00e7\u00e3o de fornos combinados\",\"f\u00e1brica de Loca\u00e7\u00e3o de fornos industriais\",\"fabricante de Aluguel de forno combinado\",\"fabricante de Aluguel de fornos combinados\",\"fabricante de Equipamentos de cozinha industrial\",\"fabricante de Forno combinado\",\"fabricante de Forno combinado para cozinha industrial\",\"fabricante de Forno industrial\",\"fabricante de Fornos a vapor\",\"fabricante de Fornos combinados\",\"fabricante de Fornos de cozimento a vapor\",\"fabricante de Fornos industriais\",\"fabricante de Loca\u00e7\u00e3o de equipamentos de cozinha industrial\",\"fabricante de Loca\u00e7\u00e3o de forno combinado\",\"fabricante de Loca\u00e7\u00e3o de fornos\",\"fabricante de Loca\u00e7\u00e3o de fornos combinados\",\"fabricante de Loca\u00e7\u00e3o de fornos industriais\",\"fornecedor de Aluguel de forno combinado\",\"fornecedor de Aluguel de fornos combinados\",\"fornecedor de Equipamentos de cozinha industrial\",\"fornecedor de Forno combinado\",\"fornecedor de Forno combinado para cozinha industrial\",\"fornecedor de Forno industrial\",\"fornecedor de Fornos a vapor\",\"fornecedor de Fornos combinados\",\"fornecedor de Fornos de cozimento a vapor\",\"fornecedor de Fornos industriais\",\"fornecedor de Loca\u00e7\u00e3o de equipamentos de cozinha industrial\",\"fornecedor de Loca\u00e7\u00e3o de forno combinado\",\"fornecedor de Loca\u00e7\u00e3o de fornos\",\"fornecedor de Loca\u00e7\u00e3o de fornos combinados\",\"fornecedor de Loca\u00e7\u00e3o de fornos industriais\",\"Forno combinado direto da fabrica\",\"Forno combinado em promo\u00e7\u00e3o\",\"Forno combinado em s\u00e3o paulo\",\"Forno combinado em sp\",\"Forno combinado na Zona Sul\",\"Forno combinado no Cursino\",\"Forno combinado para cozinha industrial direto da fabrica\",\"Forno combinado para cozinha industrial em promo\u00e7\u00e3o\",\"Forno combinado para cozinha industrial em s\u00e3o paulo\",\"Forno combinado para cozinha industrial em sp\",\"Forno combinado para cozinha industrial na Zona Sul\",\"Forno combinado para cozinha industrial no Cursino\",\"Forno combinado para cozinha industrial pre\u00e7o\",\"Forno combinado pre\u00e7o\",\"Forno industrial direto da fabrica\",\"Forno industrial em promo\u00e7\u00e3o\",\"Forno industrial em s\u00e3o paulo\",\"Forno industrial em sp\",\"Forno industrial na Zona Sul\",\"Forno industrial no Cursino\",\"Forno industrial pre\u00e7o\",\"Fornos a vapor direto da fabrica\",\"Fornos a vapor em promo\u00e7\u00e3o\",\"Fornos a vapor em s\u00e3o paulo\",\"Fornos a vapor em sp\",\"Fornos a vapor na Zona Sul\",\"Fornos a vapor no Cursino\",\"Fornos a vapor pre\u00e7o\",\"Fornos combinados direto da fabrica\",\"Fornos combinados em promo\u00e7\u00e3o\",\"Fornos combinados em s\u00e3o paulo\",\"Fornos combinados em sp\",\"Fornos combinados na Zona Sul\",\"Fornos combinados no Cursino\",\"Fornos combinados pre\u00e7o\",\"Fornos de cozimento a vapor direto da fabrica\",\"Fornos de cozimento a vapor em promo\u00e7\u00e3o\",\"Fornos de cozimento a vapor em s\u00e3o paulo\",\"Fornos de cozimento a vapor em sp\",\"Fornos de cozimento a vapor na Zona Sul\",\"Fornos de cozimento a vapor no Cursino\",\"Fornos de cozimento a vapor pre\u00e7o\",\"Fornos industriais direto da fabrica\",\"Fornos industriais em promo\u00e7\u00e3o\",\"Fornos industriais em s\u00e3o paulo\",\"Fornos industriais em sp\",\"Fornos industriais na Zona Sul\",\"Fornos industriais no Cursino\",\"Fornos industriais pre\u00e7o\",\"Loca\u00e7\u00e3o de equipamentos de cozinha industrial direto da fabrica\",\"Loca\u00e7\u00e3o de equipamentos de cozinha industrial em promo\u00e7\u00e3o\",\"Loca\u00e7\u00e3o de equipamentos de cozinha industrial em s\u00e3o paulo\",\"Loca\u00e7\u00e3o de equipamentos de cozinha industrial em sp\",\"Loca\u00e7\u00e3o de equipamentos de cozinha industrial na Zona Sul\",\"Loca\u00e7\u00e3o de equipamentos de cozinha industrial no Cursino\",\"Loca\u00e7\u00e3o de equipamentos de cozinha industrial pre\u00e7o\",\"Loca\u00e7\u00e3o de forno combinado direto da fabrica\",\"Loca\u00e7\u00e3o de forno combinado em promo\u00e7\u00e3o\",\"Loca\u00e7\u00e3o de forno combinado em s\u00e3o paulo\",\"Loca\u00e7\u00e3o de forno combinado em sp\",\"Loca\u00e7\u00e3o de forno combinado na Zona Sul\",\"Loca\u00e7\u00e3o de forno combinado no Cursino\",\"Loca\u00e7\u00e3o de forno combinado pre\u00e7o\",\"Loca\u00e7\u00e3o de fornos combinados direto da fabrica\",\"Loca\u00e7\u00e3o de fornos combinados em promo\u00e7\u00e3o\",\"Loca\u00e7\u00e3o de fornos combinados em s\u00e3o paulo\",\"Loca\u00e7\u00e3o de fornos combinados em sp\",\"Loca\u00e7\u00e3o de fornos combinados na Zona Sul\",\"Loca\u00e7\u00e3o de fornos combinados no Cursino\",\"Loca\u00e7\u00e3o de fornos combinados pre\u00e7o\",\"Loca\u00e7\u00e3o de fornos direto da fabrica\",\"Loca\u00e7\u00e3o de fornos em promo\u00e7\u00e3o\",\"Loca\u00e7\u00e3o de fornos em s\u00e3o paulo\",\"Loca\u00e7\u00e3o de fornos em sp\",\"Loca\u00e7\u00e3o de fornos industriais direto da fabrica\",\"Loca\u00e7\u00e3o de fornos industriais em promo\u00e7\u00e3o\",\"Loca\u00e7\u00e3o de fornos industriais em s\u00e3o paulo\",\"Loca\u00e7\u00e3o de fornos industriais em sp\",\"Loca\u00e7\u00e3o de fornos industriais na Zona Sul\",\"Loca\u00e7\u00e3o de fornos industriais no Cursino\",\"Loca\u00e7\u00e3o de fornos industriais pre\u00e7o\",\"Loca\u00e7\u00e3o de fornos na Zona Sul\",\"Loca\u00e7\u00e3o de fornos no Cursino\",\"Loca\u00e7\u00e3o de fornos pre\u00e7o\",\"loja de Aluguel de forno combinado\",\"loja de Aluguel de fornos combinados\",\"loja de Equipamentos de cozinha industrial\",\"loja de Forno combinado\",\"loja de Forno combinado para cozinha industrial\",\"loja de Forno industrial\",\"loja de Fornos a vapor\",\"loja de Fornos combinados\",\"loja de Fornos de cozimento a vapor\",\"loja de Fornos industriais\",\"loja de Loca\u00e7\u00e3o de equipamentos de cozinha industrial\",\"loja de Loca\u00e7\u00e3o de forno combinado\",\"loja de Loca\u00e7\u00e3o de fornos\",\"loja de Loca\u00e7\u00e3o de fornos combinados\",\"loja de Loca\u00e7\u00e3o de fornos industriais\",\"onde encontrar Equipamentos de cozinha industrial\",\"onde encontrar Forno combinado\",\"onde encontrar Forno combinado para cozinha industrial\",\"onde encontrar Forno industrial\",\"onde encontrar Fornos a vapor\",\"onde encontrar Fornos de cozimento a vapor\",\"onde encontrar Fornos industriais\",\"onde encontrar Loca\u00e7\u00e3o de equipamentos de cozinha industrial\",\"onde encontrar Loca\u00e7\u00e3o de forno combinado\",\"onde encontrar Loca\u00e7\u00e3o de fornos\",\"onde encontrar Loca\u00e7\u00e3o de fornos combinados\",\"onde encontrar Loca\u00e7\u00e3o de fornos industriais\",\"revendedor de Aluguel de forno combinado\",\"revendedor de Aluguel de fornos combinados\",\"revendedor de Equipamentos de cozinha industrial\",\"revendedor de Forno combinado\",\"revendedor de Forno combinado para cozinha industrial\",\"revendedor de Forno industrial\",\"revendedor de Fornos a vapor\",\"revendedor de Fornos combinados\",\"revendedor de Fornos de cozimento a vapor\",\"revendedor de Fornos industriais\",\"revendedor de Loca\u00e7\u00e3o de equipamentos de cozinha industrial\",\"revendedor de Loca\u00e7\u00e3o de forno combinado\",\"revendedor de Loca\u00e7\u00e3o de fornos\",\"revendedor de Loca\u00e7\u00e3o de fornos combinados\",\"revendedor de Loca\u00e7\u00e3o de fornos industriais\"],\"articleSection\":[\"Aluguel de fornos combinados\",\"Loca\u00e7\u00e3o de equipamentos para cozinha\"],\"inLanguage\":\"pt-BR\",\"potentialAction\":[{\"@type\":\"CommentAction\",\"name\":\"Comment\",\"target\":[\"https:\/\/www.newkitchens.com.br\/blog\/locacao-de-equipamentos-para-cozinha\/aluguel-de-fornos-combinados-em-sao-paulo-onde-encontrar\/#respond\"]}]},{\"@type\":\"WebPage\",\"@id\":\"https:\/\/www.newkitchens.com.br\/blog\/locacao-de-equipamentos-para-cozinha\/aluguel-de-fornos-combinados-em-sao-paulo-onde-encontrar\/\",\"url\":\"https:\/\/www.newkitchens.com.br\/blog\/locacao-de-equipamentos-para-cozinha\/aluguel-de-fornos-combinados-em-sao-paulo-onde-encontrar\/\",\"name\":\"Aluguel de fornos combinados em S\u00e3o Paulo: onde encontrar? - New Kitchens\",\"isPartOf\":{\"@id\":\"https:\/\/www.newkitchens.com.br\/blog\/#website\"},\"datePublished\":\"2026-05-03T07:00:42+00:00\",\"dateModified\":\"2026-05-03T10:00:42+00:00\",\"description\":\"No conte\u00fado a seguir, descubra onde encontrar uma empresa especializada no aluguel de fornos combinados em S\u00e3o Paulo.\",\"breadcrumb\":{\"@id\":\"https:\/\/www.newkitchens.com.br\/blog\/locacao-de-equipamentos-para-cozinha\/aluguel-de-fornos-combinados-em-sao-paulo-onde-encontrar\/#breadcrumb\"},\"inLanguage\":\"pt-BR\",\"potentialAction\":[{\"@type\":\"ReadAction\",\"target\":[\"https:\/\/www.newkitchens.com.br\/blog\/locacao-de-equipamentos-para-cozinha\/aluguel-de-fornos-combinados-em-sao-paulo-onde-encontrar\/\"]}]},{\"@type\":\"BreadcrumbList\",\"@id\":\"https:\/\/www.newkitchens.com.br\/blog\/locacao-de-equipamentos-para-cozinha\/aluguel-de-fornos-combinados-em-sao-paulo-onde-encontrar\/#breadcrumb\",\"itemListElement\":[{\"@type\":\"ListItem\",\"position\":1,\"name\":\"In\u00edcio\",\"item\":\"https:\/\/www.newkitchens.com.br\/blog\/\"},{\"@type\":\"ListItem\",\"position\":2,\"name\":\"Aluguel de fornos combinados em S\u00e3o Paulo: onde encontrar?\"}]},{\"@type\":\"WebSite\",\"@id\":\"https:\/\/www.newkitchens.com.br\/blog\/#website\",\"url\":\"https:\/\/www.newkitchens.com.br\/blog\/\",\"name\":\"New Kitchens\",\"description\":\"Blog New Kitchens\",\"publisher\":{\"@id\":\"https:\/\/www.newkitchens.com.br\/blog\/#organization\"},\"potentialAction\":[{\"@type\":\"SearchAction\",\"target\":{\"@type\":\"EntryPoint\",\"urlTemplate\":\"https:\/\/www.newkitchens.com.br\/blog\/?s={search_term_string}\"},\"query-input\":\"required name=search_term_string\"}],\"inLanguage\":\"pt-BR\"},{\"@type\":\"Organization\",\"@id\":\"https:\/\/www.newkitchens.com.br\/blog\/#organization\",\"name\":\"New Kitchens\",\"url\":\"https:\/\/www.newkitchens.com.br\/blog\/\",\"logo\":{\"@type\":\"ImageObject\",\"inLanguage\":\"pt-BR\",\"@id\":\"https:\/\/www.newkitchens.com.br\/blog\/#\/schema\/logo\/image\/\",\"url\":\"https:\/\/www.newkitchens.com.br\/blog\/wp-content\/uploads\/2023\/01\/logo3-removebg-preview.png\",\"contentUrl\":\"https:\/\/www.newkitchens.com.br\/blog\/wp-content\/uploads\/2023\/01\/logo3-removebg-preview.png\",\"width\":261,\"height\":71,\"caption\":\"New Kitchens\"},\"image\":{\"@id\":\"https:\/\/www.newkitchens.com.br\/blog\/#\/schema\/logo\/image\/\"}},{\"@type\":\"Person\",\"@id\":\"https:\/\/www.newkitchens.com.br\/blog\/#\/schema\/person\/c07dd4a25e9dc1fd6c6feada18a91133\",\"name\":\"admin\",\"image\":{\"@type\":\"ImageObject\",\"inLanguage\":\"pt-BR\",\"@id\":\"https:\/\/www.newkitchens.com.br\/blog\/#\/schema\/person\/image\/\",\"url\":\"https:\/\/secure.gravatar.com\/avatar\/3813f53848958b8842eeafda91666185a90010f65ed554379b78794cde6f234a?s=96&d=mm&r=g\",\"contentUrl\":\"https:\/\/secure.gravatar.com\/avatar\/3813f53848958b8842eeafda91666185a90010f65ed554379b78794cde6f234a?s=96&d=mm&r=g\",\"caption\":\"admin\"},\"sameAs\":[\"https:\/\/www.newkitchens.com.br\/blog\"],\"url\":\"https:\/\/www.newkitchens.com.br\/blog\/author\/admin\/\"}]}<\/script>\n<!-- \/ Yoast SEO plugin. -->","yoast_head_json":{"title":"Aluguel de fornos combinados em S\u00e3o Paulo: onde encontrar? - New Kitchens","description":"No conte\u00fado a seguir, descubra onde encontrar uma empresa especializada no aluguel de fornos combinados em S\u00e3o Paulo.","robots":{"index":"index","follow":"follow","max-snippet":"max-snippet:-1","max-image-preview":"max-image-preview:large","max-video-preview":"max-video-preview:-1"},"canonical":"https:\/\/www.newkitchens.com.br\/blog\/locacao-de-equipamentos-para-cozinha\/aluguel-de-fornos-combinados-em-sao-paulo-onde-encontrar\/","og_locale":"pt_BR","og_type":"article","og_title":"Aluguel de fornos combinados em S\u00e3o Paulo: onde encontrar? - New Kitchens","og_description":"No conte\u00fado a seguir, descubra onde encontrar uma empresa especializada no aluguel de fornos combinados em S\u00e3o Paulo.","og_url":"https:\/\/www.newkitchens.com.br\/blog\/locacao-de-equipamentos-para-cozinha\/aluguel-de-fornos-combinados-em-sao-paulo-onde-encontrar\/","og_site_name":"New Kitchens","article_published_time":"2026-05-03T07:00:42+00:00","article_modified_time":"2026-05-03T10:00:42+00:00","og_image":[{"width":600,"height":300,"url":"https:\/\/www.newkitchens.com.br\/blog\/wp-content\/uploads\/2023\/06\/FornoRational-600x300-1.jpg","type":"image\/jpeg"}],"author":"admin","twitter_card":"summary_large_image","twitter_misc":{"Escrito por":"admin","Est. tempo de leitura":"4 minutos"},"schema":{"@context":"https:\/\/schema.org","@graph":[{"@type":"Article","@id":"https:\/\/www.newkitchens.com.br\/blog\/locacao-de-equipamentos-para-cozinha\/aluguel-de-fornos-combinados-em-sao-paulo-onde-encontrar\/#article","isPartOf":{"@id":"https:\/\/www.newkitchens.com.br\/blog\/locacao-de-equipamentos-para-cozinha\/aluguel-de-fornos-combinados-em-sao-paulo-onde-encontrar\/"},"author":{"name":"admin","@id":"https:\/\/www.newkitchens.com.br\/blog\/#\/schema\/person\/c07dd4a25e9dc1fd6c6feada18a91133"},"headline":"Aluguel de fornos combinados em S\u00e3o Paulo: onde encontrar?","datePublished":"2026-05-03T07:00:42+00:00","dateModified":"2026-05-03T10:00:42+00:00","mainEntityOfPage":{"@id":"https:\/\/www.newkitchens.com.br\/blog\/locacao-de-equipamentos-para-cozinha\/aluguel-de-fornos-combinados-em-sao-paulo-onde-encontrar\/"},"wordCount":593,"commentCount":0,"publisher":{"@id":"https:\/\/www.newkitchens.com.br\/blog\/#organization"},"keywords":["Aluguel de forno combinado direto da fabrica","Aluguel de forno combinado em promo\u00e7\u00e3o","Aluguel de forno combinado em s\u00e3o paulo","Aluguel de forno combinado em sp","Aluguel de forno combinado na Zona Sul","Aluguel de forno combinado no Cursino","Aluguel de forno combinado pre\u00e7o","Aluguel de fornos combinados direto da fabrica","Aluguel de fornos combinados em promo\u00e7\u00e3o","Aluguel de fornos combinados em s\u00e3o paulo","Aluguel de fornos combinados em sp","Aluguel de fornos combinados na Zona Sul","Aluguel de fornos combinados no Cursino","Aluguel de fornos combinados pre\u00e7o","Aluguel fornos combinados em S\u00e3o Paulo","comprar Aluguel de forno combinado","comprar Aluguel de fornos combinados","comprar Equipamentos de cozinha industrial","comprar Forno combinado","comprar Forno combinado para cozinha industrial","comprar Forno industrial","comprar Fornos a vapor","comprar Fornos combinados","comprar Fornos de cozimento a vapor","comprar Fornos industriais","comprar Loca\u00e7\u00e3o de equipamentos de cozinha industrial","comprar Loca\u00e7\u00e3o de forno combinado","comprar Loca\u00e7\u00e3o de fornos","comprar Loca\u00e7\u00e3o de fornos combinados","comprar Loca\u00e7\u00e3o de fornos industriais","distribuidor de Aluguel de forno combinado","distribuidor de Aluguel de fornos combinados","distribuidor de Equipamentos de cozinha industrial","distribuidor de Forno combinado","distribuidor de Forno combinado para cozinha industrial","distribuidor de Forno industrial","distribuidor de Fornos a vapor","distribuidor de Fornos combinados","distribuidor de Fornos de cozimento a vapor","distribuidor de Fornos industriais","distribuidor de Loca\u00e7\u00e3o de equipamentos de cozinha industrial","distribuidor de Loca\u00e7\u00e3o de forno combinado","distribuidor de Loca\u00e7\u00e3o de fornos","distribuidor de Loca\u00e7\u00e3o de fornos combinados","distribuidor de Loca\u00e7\u00e3o de fornos industriais","distribuidora de Aluguel de forno combinado","distribuidora de Aluguel de fornos combinados","distribuidora de Equipamentos de cozinha industrial","distribuidora de Forno combinado","distribuidora de Forno combinado para cozinha industrial","distribuidora de Forno industrial","distribuidora de Fornos a vapor","distribuidora de Fornos combinados","distribuidora de Fornos de cozimento a vapor","distribuidora de Fornos industriais","distribuidora de Loca\u00e7\u00e3o de equipamentos de cozinha industrial","distribuidora de Loca\u00e7\u00e3o de forno combinado","distribuidora de Loca\u00e7\u00e3o de fornos","distribuidora de Loca\u00e7\u00e3o de fornos combinados","distribuidora de Loca\u00e7\u00e3o de fornos industriais","empresa de Aluguel de forno combinado","empresa de Aluguel de fornos combinados","empresa de Equipamentos de cozinha industrial","empresa de Forno combinado","empresa de Forno combinado para cozinha industrial","empresa de Forno industrial","empresa de Fornos a vapor","empresa de Fornos combinados","empresa de Fornos de cozimento a vapor","empresa de Fornos industriais","empresa de Loca\u00e7\u00e3o de equipamentos de cozinha industrial","empresa de Loca\u00e7\u00e3o de forno combinado","empresa de Loca\u00e7\u00e3o de fornos","empresa de Loca\u00e7\u00e3o de fornos combinados","empresa de Loca\u00e7\u00e3o de fornos industriais","Equipamentos de cozinha industrial direto da fabrica","Equipamentos de cozinha industrial em promo\u00e7\u00e3o","Equipamentos de cozinha industrial em s\u00e3o paulo","Equipamentos de cozinha industrial em sp","Equipamentos de cozinha industrial na Zona Sul","Equipamentos de cozinha industrial no Cursino","Equipamentos de cozinha industrial pre\u00e7o","f\u00e1brica de Aluguel de forno combinado","f\u00e1brica de Aluguel de fornos combinados","f\u00e1brica de Equipamentos de cozinha industrial","f\u00e1brica de Forno combinado","f\u00e1brica de Forno combinado para cozinha industrial","f\u00e1brica de Forno industrial","f\u00e1brica de Fornos a vapor","f\u00e1brica de Fornos combinados","f\u00e1brica de Fornos de cozimento a vapor","f\u00e1brica de Fornos industriais","f\u00e1brica de Loca\u00e7\u00e3o de equipamentos de cozinha industrial","f\u00e1brica de Loca\u00e7\u00e3o de forno combinado","f\u00e1brica de Loca\u00e7\u00e3o de fornos","f\u00e1brica de Loca\u00e7\u00e3o de fornos combinados","f\u00e1brica de Loca\u00e7\u00e3o de fornos industriais","fabricante de Aluguel de forno combinado","fabricante de Aluguel de fornos combinados","fabricante de Equipamentos de cozinha industrial","fabricante de Forno combinado","fabricante de Forno combinado para cozinha industrial","fabricante de Forno industrial","fabricante de Fornos a vapor","fabricante de Fornos combinados","fabricante de Fornos de cozimento a vapor","fabricante de Fornos industriais","fabricante de Loca\u00e7\u00e3o de equipamentos de cozinha industrial","fabricante de Loca\u00e7\u00e3o de forno combinado","fabricante de Loca\u00e7\u00e3o de fornos","fabricante de Loca\u00e7\u00e3o de fornos combinados","fabricante de Loca\u00e7\u00e3o de fornos industriais","fornecedor de Aluguel de forno combinado","fornecedor de Aluguel de fornos combinados","fornecedor de Equipamentos de cozinha industrial","fornecedor de Forno combinado","fornecedor de Forno combinado para cozinha industrial","fornecedor de Forno industrial","fornecedor de Fornos a vapor","fornecedor de Fornos combinados","fornecedor de Fornos de cozimento a vapor","fornecedor de Fornos industriais","fornecedor de Loca\u00e7\u00e3o de equipamentos de cozinha industrial","fornecedor de Loca\u00e7\u00e3o de forno combinado","fornecedor de Loca\u00e7\u00e3o de fornos","fornecedor de Loca\u00e7\u00e3o de fornos combinados","fornecedor de Loca\u00e7\u00e3o de fornos industriais","Forno combinado direto da fabrica","Forno combinado em promo\u00e7\u00e3o","Forno combinado em s\u00e3o paulo","Forno combinado em sp","Forno combinado na Zona Sul","Forno combinado no Cursino","Forno combinado para cozinha industrial direto da fabrica","Forno combinado para cozinha industrial em promo\u00e7\u00e3o","Forno combinado para cozinha industrial em s\u00e3o paulo","Forno combinado para cozinha industrial em sp","Forno combinado para cozinha industrial na Zona Sul","Forno combinado para cozinha industrial no Cursino","Forno combinado para cozinha industrial pre\u00e7o","Forno combinado pre\u00e7o","Forno industrial direto da fabrica","Forno industrial em promo\u00e7\u00e3o","Forno industrial em s\u00e3o paulo","Forno industrial em sp","Forno industrial na Zona Sul","Forno industrial no Cursino","Forno industrial pre\u00e7o","Fornos a vapor direto da fabrica","Fornos a vapor em promo\u00e7\u00e3o","Fornos a vapor em s\u00e3o paulo","Fornos a vapor em sp","Fornos a vapor na Zona Sul","Fornos a vapor no Cursino","Fornos a vapor pre\u00e7o","Fornos combinados direto da fabrica","Fornos combinados em promo\u00e7\u00e3o","Fornos combinados em s\u00e3o paulo","Fornos combinados em sp","Fornos combinados na Zona Sul","Fornos combinados no Cursino","Fornos combinados pre\u00e7o","Fornos de cozimento a vapor direto da fabrica","Fornos de cozimento a vapor em promo\u00e7\u00e3o","Fornos de cozimento a vapor em s\u00e3o paulo","Fornos de cozimento a vapor em sp","Fornos de cozimento a vapor na Zona Sul","Fornos de cozimento a vapor no Cursino","Fornos de cozimento a vapor pre\u00e7o","Fornos industriais direto da fabrica","Fornos industriais em promo\u00e7\u00e3o","Fornos industriais em s\u00e3o paulo","Fornos industriais em sp","Fornos industriais na Zona Sul","Fornos industriais no Cursino","Fornos industriais pre\u00e7o","Loca\u00e7\u00e3o de equipamentos de cozinha industrial direto da fabrica","Loca\u00e7\u00e3o de equipamentos de cozinha industrial em promo\u00e7\u00e3o","Loca\u00e7\u00e3o de equipamentos de cozinha industrial em s\u00e3o paulo","Loca\u00e7\u00e3o de equipamentos de cozinha industrial em sp","Loca\u00e7\u00e3o de equipamentos de cozinha industrial na Zona Sul","Loca\u00e7\u00e3o de equipamentos de cozinha industrial no Cursino","Loca\u00e7\u00e3o de equipamentos de cozinha industrial pre\u00e7o","Loca\u00e7\u00e3o de forno combinado direto da fabrica","Loca\u00e7\u00e3o de forno combinado em promo\u00e7\u00e3o","Loca\u00e7\u00e3o de forno combinado em s\u00e3o paulo","Loca\u00e7\u00e3o de forno combinado em sp","Loca\u00e7\u00e3o de forno combinado na Zona Sul","Loca\u00e7\u00e3o de forno combinado no Cursino","Loca\u00e7\u00e3o de forno combinado pre\u00e7o","Loca\u00e7\u00e3o de fornos combinados direto da fabrica","Loca\u00e7\u00e3o de fornos combinados em promo\u00e7\u00e3o","Loca\u00e7\u00e3o de fornos combinados em s\u00e3o paulo","Loca\u00e7\u00e3o de fornos combinados em sp","Loca\u00e7\u00e3o de fornos combinados na Zona Sul","Loca\u00e7\u00e3o de fornos combinados no Cursino","Loca\u00e7\u00e3o de fornos combinados pre\u00e7o","Loca\u00e7\u00e3o de fornos direto da fabrica","Loca\u00e7\u00e3o de fornos em promo\u00e7\u00e3o","Loca\u00e7\u00e3o de fornos em s\u00e3o paulo","Loca\u00e7\u00e3o de fornos em sp","Loca\u00e7\u00e3o de fornos industriais direto da fabrica","Loca\u00e7\u00e3o de fornos industriais em promo\u00e7\u00e3o","Loca\u00e7\u00e3o de fornos industriais em s\u00e3o paulo","Loca\u00e7\u00e3o de fornos industriais em sp","Loca\u00e7\u00e3o de fornos industriais na Zona Sul","Loca\u00e7\u00e3o de fornos industriais no Cursino","Loca\u00e7\u00e3o de fornos industriais pre\u00e7o","Loca\u00e7\u00e3o de fornos na Zona Sul","Loca\u00e7\u00e3o de fornos no Cursino","Loca\u00e7\u00e3o de fornos pre\u00e7o","loja de Aluguel de forno combinado","loja de Aluguel de fornos combinados","loja de Equipamentos de cozinha industrial","loja de Forno combinado","loja de Forno combinado para cozinha industrial","loja de Forno industrial","loja de Fornos a vapor","loja de Fornos combinados","loja de Fornos de cozimento a vapor","loja de Fornos industriais","loja de Loca\u00e7\u00e3o de equipamentos de cozinha industrial","loja de Loca\u00e7\u00e3o de forno combinado","loja de Loca\u00e7\u00e3o de fornos","loja de Loca\u00e7\u00e3o de fornos combinados","loja de Loca\u00e7\u00e3o de fornos industriais","onde encontrar Equipamentos de cozinha industrial","onde encontrar Forno combinado","onde encontrar Forno combinado para cozinha industrial","onde encontrar Forno industrial","onde encontrar Fornos a vapor","onde encontrar Fornos de cozimento a vapor","onde encontrar Fornos industriais","onde encontrar Loca\u00e7\u00e3o de equipamentos de cozinha industrial","onde encontrar Loca\u00e7\u00e3o de forno combinado","onde encontrar Loca\u00e7\u00e3o de fornos","onde encontrar Loca\u00e7\u00e3o de fornos combinados","onde encontrar Loca\u00e7\u00e3o de fornos industriais","revendedor de Aluguel de forno combinado","revendedor de Aluguel de fornos combinados","revendedor de Equipamentos de cozinha industrial","revendedor de Forno combinado","revendedor de Forno combinado para cozinha industrial","revendedor de Forno industrial","revendedor de Fornos a vapor","revendedor de Fornos combinados","revendedor de Fornos de cozimento a vapor","revendedor de Fornos industriais","revendedor de Loca\u00e7\u00e3o de equipamentos de cozinha industrial","revendedor de Loca\u00e7\u00e3o de forno combinado","revendedor de Loca\u00e7\u00e3o de fornos","revendedor de Loca\u00e7\u00e3o de fornos combinados","revendedor de Loca\u00e7\u00e3o de fornos industriais"],"articleSection":["Aluguel de fornos combinados","Loca\u00e7\u00e3o de equipamentos para cozinha"],"inLanguage":"pt-BR","potentialAction":[{"@type":"CommentAction","name":"Comment","target":["https:\/\/www.newkitchens.com.br\/blog\/locacao-de-equipamentos-para-cozinha\/aluguel-de-fornos-combinados-em-sao-paulo-onde-encontrar\/#respond"]}]},{"@type":"WebPage","@id":"https:\/\/www.newkitchens.com.br\/blog\/locacao-de-equipamentos-para-cozinha\/aluguel-de-fornos-combinados-em-sao-paulo-onde-encontrar\/","url":"https:\/\/www.newkitchens.com.br\/blog\/locacao-de-equipamentos-para-cozinha\/aluguel-de-fornos-combinados-em-sao-paulo-onde-encontrar\/","name":"Aluguel de fornos combinados em S\u00e3o Paulo: onde encontrar? - New Kitchens","isPartOf":{"@id":"https:\/\/www.newkitchens.com.br\/blog\/#website"},"datePublished":"2026-05-03T07:00:42+00:00","dateModified":"2026-05-03T10:00:42+00:00","description":"No conte\u00fado a seguir, descubra onde encontrar uma empresa especializada no aluguel de fornos combinados em S\u00e3o Paulo.","breadcrumb":{"@id":"https:\/\/www.newkitchens.com.br\/blog\/locacao-de-equipamentos-para-cozinha\/aluguel-de-fornos-combinados-em-sao-paulo-onde-encontrar\/#breadcrumb"},"inLanguage":"pt-BR","potentialAction":[{"@type":"ReadAction","target":["https:\/\/www.newkitchens.com.br\/blog\/locacao-de-equipamentos-para-cozinha\/aluguel-de-fornos-combinados-em-sao-paulo-onde-encontrar\/"]}]},{"@type":"BreadcrumbList","@id":"https:\/\/www.newkitchens.com.br\/blog\/locacao-de-equipamentos-para-cozinha\/aluguel-de-fornos-combinados-em-sao-paulo-onde-encontrar\/#breadcrumb","itemListElement":[{"@type":"ListItem","position":1,"name":"In\u00edcio","item":"https:\/\/www.newkitchens.com.br\/blog\/"},{"@type":"ListItem","position":2,"name":"Aluguel de fornos combinados em S\u00e3o Paulo: onde encontrar?"}]},{"@type":"WebSite","@id":"https:\/\/www.newkitchens.com.br\/blog\/#website","url":"https:\/\/www.newkitchens.com.br\/blog\/","name":"New Kitchens","description":"Blog New Kitchens","publisher":{"@id":"https:\/\/www.newkitchens.com.br\/blog\/#organization"},"potentialAction":[{"@type":"SearchAction","target":{"@type":"EntryPoint","urlTemplate":"https:\/\/www.newkitchens.com.br\/blog\/?s={search_term_string}"},"query-input":"required name=search_term_string"}],"inLanguage":"pt-BR"},{"@type":"Organization","@id":"https:\/\/www.newkitchens.com.br\/blog\/#organization","name":"New Kitchens","url":"https:\/\/www.newkitchens.com.br\/blog\/","logo":{"@type":"ImageObject","inLanguage":"pt-BR","@id":"https:\/\/www.newkitchens.com.br\/blog\/#\/schema\/logo\/image\/","url":"https:\/\/www.newkitchens.com.br\/blog\/wp-content\/uploads\/2023\/01\/logo3-removebg-preview.png","contentUrl":"https:\/\/www.newkitchens.com.br\/blog\/wp-content\/uploads\/2023\/01\/logo3-removebg-preview.png","width":261,"height":71,"caption":"New Kitchens"},"image":{"@id":"https:\/\/www.newkitchens.com.br\/blog\/#\/schema\/logo\/image\/"}},{"@type":"Person","@id":"https:\/\/www.newkitchens.com.br\/blog\/#\/schema\/person\/c07dd4a25e9dc1fd6c6feada18a91133","name":"admin","image":{"@type":"ImageObject","inLanguage":"pt-BR","@id":"https:\/\/www.newkitchens.com.br\/blog\/#\/schema\/person\/image\/","url":"https:\/\/secure.gravatar.com\/avatar\/3813f53848958b8842eeafda91666185a90010f65ed554379b78794cde6f234a?s=96&d=mm&r=g","contentUrl":"https:\/\/secure.gravatar.com\/avatar\/3813f53848958b8842eeafda91666185a90010f65ed554379b78794cde6f234a?s=96&d=mm&r=g","caption":"admin"},"sameAs":["https:\/\/www.newkitchens.com.br\/blog"],"url":"https:\/\/www.newkitchens.com.br\/blog\/author\/admin\/"}]}},"_links":{"self":[{"href":"https:\/\/www.newkitchens.com.br\/blog\/wp-json\/wp\/v2\/posts\/75","targetHints":{"allow":["GET"]}}],"collection":[{"href":"https:\/\/www.newkitchens.com.br\/blog\/wp-json\/wp\/v2\/posts"}],"about":[{"href":"https:\/\/www.newkitchens.com.br\/blog\/wp-json\/wp\/v2\/types\/post"}],"author":[{"embeddable":true,"href":"https:\/\/www.newkitchens.com.br\/blog\/wp-json\/wp\/v2\/users\/1"}],"replies":[{"embeddable":true,"href":"https:\/\/www.newkitchens.com.br\/blog\/wp-json\/wp\/v2\/comments?post=75"}],"version-history":[{"count":4,"href":"https:\/\/www.newkitchens.com.br\/blog\/wp-json\/wp\/v2\/posts\/75\/revisions"}],"predecessor-version":[{"id":84,"href":"https:\/\/www.newkitchens.com.br\/blog\/wp-json\/wp\/v2\/posts\/75\/revisions\/84"}],"wp:featuredmedia":[{"embeddable":true,"href":"https:\/\/www.newkitchens.com.br\/blog\/wp-json\/wp\/v2\/media\/78"}],"wp:attachment":[{"href":"https:\/\/www.newkitchens.com.br\/blog\/wp-json\/wp\/v2\/media?parent=75"}],"wp:term":[{"taxonomy":"category","embeddable":true,"href":"https:\/\/www.newkitchens.com.br\/blog\/wp-json\/wp\/v2\/categories?post=75"},{"taxonomy":"post_tag","embeddable":true,"href":"https:\/\/www.newkitchens.com.br\/blog\/wp-json\/wp\/v2\/tags?post=75"}],"curies":[{"name":"wp","href":"https:\/\/api.w.org\/{rel}","templated":true}]}}